{"id":6057,"date":"2023-11-17T12:24:03","date_gmt":"2023-11-17T12:24:03","guid":{"rendered":"https:\/\/areabadalona.com\/diario\/?p=6057"},"modified":"2023-11-17T12:24:03","modified_gmt":"2023-11-17T12:24:03","slug":"lajuntament-de-badalona-i-badalona-serveis-assistencials-organitzen-el-cicle-dactivitats-bon-menjar-i-bona-lectura-alimenta-cos-i-ment","status":"publish","type":"post","link":"https:\/\/areabadalona.com\/diario\/2023\/11\/17\/lajuntament-de-badalona-i-badalona-serveis-assistencials-organitzen-el-cicle-dactivitats-bon-menjar-i-bona-lectura-alimenta-cos-i-ment\/","title":{"rendered":"L\u2019Ajuntament de Badalona i Badalona Serveis Assistencials organitzen el cicle d\u2019activitats Bon Menjar i Bona Lectura: Alimenta Cos i Ment\u00a0"},"content":{"rendered":"\n<p>L\u2019Ajuntament de Badalona i Badalona Serveis Assistencials (BSA) han organitzat el cicle Bon Menjar i Bona Lectura: Alimenta Cos i Ment dins el programa \u201cBiblioteca i salut\u201d amb l\u2019objectiu de difondre entre els infants un h\u00e0bits d\u2019alimentaci\u00f3 saludable. Entre els actes programats es far\u00e0 una confer\u00e8ncia, exposicions i la lectura de contes a l\u2019Hora del Conte (activitat condu\u00efda de foment de la lectura per als infants).&nbsp;<\/p>\n\n\n\n<p>Aquestes s\u00f3n les activitats que es fan aquesta segona quinzena de novembre a la Biblioteca Canyad\u00f3 i Casagemes \u2013 Joan Argent\u00e9 (carrer de Jacinto Benavente, 3):&nbsp;<\/p>\n\n\n\n<p><strong>Exposici\u00f3<\/strong>&nbsp;\u201cMenja b\u00e9, tu hi guanyes!\u201d&nbsp;<\/p>\n\n\n\n<p>Adre\u00e7ada a infants entre 8 i 12 anys i les seves fam\u00edlies.&nbsp;<\/p>\n\n\n\n<p>Fins el 28 de novembre.&nbsp;<\/p>\n\n\n\n<p><strong>Confer\u00e8ncia<\/strong>&nbsp;\u201cSabem qu\u00e8 mengem? Aprenem a llegir les etiquetes dels aliments\u201d.&nbsp;<\/p>\n\n\n\n<p>A c\u00e0rrec de Laia Mart\u00ednez de Badalona Serveis Assistencials. &nbsp;<\/p>\n\n\n\n<p>Dimecres 16 de novembre, a les 18.30 hores.&nbsp;<\/p>\n\n\n\n<p><strong>L\u2019Hora del conte&nbsp;<\/strong><\/p>\n\n\n\n<p><em>Una cullerada per a&#8230;&nbsp;<\/em><\/p>\n\n\n\n<p>A c\u00e0rrec de Luc\u00eda Gonz\u00e1lez.&nbsp;<\/p>\n\n\n\n<p>Dimarts 21 de novembre, a les 17 hores.&nbsp;<\/p>\n","protected":false},"excerpt":{"rendered":"<p>L\u2019Ajuntament de Badalona i Badalona Serveis Assistencials (BSA) han organitzat el cicle Bon Menjar i Bona Lectura: Alimenta Cos i Ment dins el programa \u201cBiblioteca i salut\u201d amb l\u2019objectiu de difondre entre els infants un h\u00e0bits d\u2019alimentaci\u00f3 saludable. Entre els actes programats es far\u00e0 una confer\u00e8ncia, exposicions i la lectura de contes a l\u2019Hora del [&hellip;]<\/p>\n","protected":false},"author":2,"featured_media":6058,"comment_status":"open","ping_status":"open","sticky":false,"template":"","format":"standard","meta":{"footnotes":""},"categories":[23],"tags":[],"class_list":{"0":"post-6057","1":"post","2":"type-post","3":"status-publish","4":"format-standard","5":"has-post-thumbnail","7":"category-actualitat"},"_links":{"self":[{"href":"https:\/\/areabadalona.com\/diario\/wp-json\/wp\/v2\/posts\/6057","targetHints":{"allow":["GET"]}}],"collection":[{"href":"https:\/\/areabadalona.com\/diario\/wp-json\/wp\/v2\/posts"}],"about":[{"href":"https:\/\/areabadalona.com\/diario\/wp-json\/wp\/v2\/types\/post"}],"author":[{"embeddable":true,"href":"https:\/\/areabadalona.com\/diario\/wp-json\/wp\/v2\/users\/2"}],"replies":[{"embeddable":true,"href":"https:\/\/areabadalona.com\/diario\/wp-json\/wp\/v2\/comments?post=6057"}],"version-history":[{"count":1,"href":"https:\/\/areabadalona.com\/diario\/wp-json\/wp\/v2\/posts\/6057\/revisions"}],"predecessor-version":[{"id":6059,"href":"https:\/\/areabadalona.com\/diario\/wp-json\/wp\/v2\/posts\/6057\/revisions\/6059"}],"wp:featuredmedia":[{"embeddable":true,"href":"https:\/\/areabadalona.com\/diario\/wp-json\/wp\/v2\/media\/6058"}],"wp:attachment":[{"href":"https:\/\/areabadalona.com\/diario\/wp-json\/wp\/v2\/media?parent=6057"}],"wp:term":[{"taxonomy":"category","embeddable":true,"href":"https:\/\/areabadalona.com\/diario\/wp-json\/wp\/v2\/categories?post=6057"},{"taxonomy":"post_tag","embeddable":true,"href":"https:\/\/areabadalona.com\/diario\/wp-json\/wp\/v2\/tags?post=6057"}],"curies":[{"name":"wp","href":"https:\/\/api.w.org\/{rel}","templated":true}]}}