{"id":6051,"date":"2023-11-17T10:51:48","date_gmt":"2023-11-17T10:51:48","guid":{"rendered":"https:\/\/areabadalona.com\/diario\/?p=6051"},"modified":"2023-11-17T10:51:49","modified_gmt":"2023-11-17T10:51:49","slug":"la-justicia-social-no-simprovisa","status":"publish","type":"post","link":"https:\/\/areabadalona.com\/diario\/2023\/11\/17\/la-justicia-social-no-simprovisa\/","title":{"rendered":"La just\u00edcia social no s\u2019improvisa"},"content":{"rendered":"\n<p>El dissabte 2 de desembre Acollida i Esperan\u00e7a convida a totes aquelles persones interessades amb l\u2019acci\u00f3 social de l\u2019entitat a gaudir d\u2019una jornada festiva i teatral a la sala d\u2019actes del Museu de Badalona.<br>L\u2019acte, organitzat de les 18:00h a les 19:45h, comptar\u00e0 amb una mostra de teatre social a c\u00e0rrec de les mateixes persones residents de la fundaci\u00f3 i dirigida pel Teatre La Llavor, un espectacle d\u2019improvisaci\u00f3 a c\u00e0rrec d\u2019Impro Acatomba i un piscolabis final per tancar l\u2019acte.<br>L\u2019entrada s\u2019haur\u00e0 de reservar abans del 30 de novembre i la taquilla ser\u00e0 inversa. Per fer-ho caldr\u00e0 clicar al formulari d\u2019inscripci\u00f3 que hi ha en aquest article: <a href=\"https:\/\/www.acollida.org\/2023\/11\/festa-de-nadal-2023\/\">https:\/\/www.acollida.org\/2023\/11\/festa-de-nadal-2023\/<\/a><br>La Fundaci\u00f3 Acollida i Esperan\u00e7a \u00e9s una entitat sense \u00e0nim de lucre de Catalunya dedicada a crear espais d\u2019acollida i atendre persones que pateixen exclusi\u00f3 social, especialment, persones afectades pel VIH\/SID sense recursos econ\u00f2mics, personals, ni suport familiar.<br>https:\/\/www.acollida.org<\/p>\n","protected":false},"excerpt":{"rendered":"<p>El dissabte 2 de desembre Acollida i Esperan\u00e7a convida a totes aquelles persones interessades amb l\u2019acci\u00f3 social de l\u2019entitat a gaudir d\u2019una jornada festiva i teatral a la sala d\u2019actes del Museu de Badalona.L\u2019acte, organitzat de les 18:00h a les 19:45h, comptar\u00e0 amb una mostra de teatre social a c\u00e0rrec de les mateixes persones residents [&hellip;]<\/p>\n","protected":false},"author":2,"featured_media":6052,"comment_status":"open","ping_status":"open","sticky":false,"template":"","format":"standard","meta":{"footnotes":""},"categories":[23,24],"tags":[],"class_list":{"0":"post-6051","1":"post","2":"type-post","3":"status-publish","4":"format-standard","5":"has-post-thumbnail","7":"category-actualitat","8":"category-societat"},"_links":{"self":[{"href":"https:\/\/areabadalona.com\/diario\/wp-json\/wp\/v2\/posts\/6051","targetHints":{"allow":["GET"]}}],"collection":[{"href":"https:\/\/areabadalona.com\/diario\/wp-json\/wp\/v2\/posts"}],"about":[{"href":"https:\/\/areabadalona.com\/diario\/wp-json\/wp\/v2\/types\/post"}],"author":[{"embeddable":true,"href":"https:\/\/areabadalona.com\/diario\/wp-json\/wp\/v2\/users\/2"}],"replies":[{"embeddable":true,"href":"https:\/\/areabadalona.com\/diario\/wp-json\/wp\/v2\/comments?post=6051"}],"version-history":[{"count":1,"href":"https:\/\/areabadalona.com\/diario\/wp-json\/wp\/v2\/posts\/6051\/revisions"}],"predecessor-version":[{"id":6053,"href":"https:\/\/areabadalona.com\/diario\/wp-json\/wp\/v2\/posts\/6051\/revisions\/6053"}],"wp:featuredmedia":[{"embeddable":true,"href":"https:\/\/areabadalona.com\/diario\/wp-json\/wp\/v2\/media\/6052"}],"wp:attachment":[{"href":"https:\/\/areabadalona.com\/diario\/wp-json\/wp\/v2\/media?parent=6051"}],"wp:term":[{"taxonomy":"category","embeddable":true,"href":"https:\/\/areabadalona.com\/diario\/wp-json\/wp\/v2\/categories?post=6051"},{"taxonomy":"post_tag","embeddable":true,"href":"https:\/\/areabadalona.com\/diario\/wp-json\/wp\/v2\/tags?post=6051"}],"curies":[{"name":"wp","href":"https:\/\/api.w.org\/{rel}","templated":true}]}}