{"id":6047,"date":"2023-11-16T10:25:18","date_gmt":"2023-11-16T10:25:18","guid":{"rendered":"https:\/\/areabadalona.com\/diario\/?p=6047"},"modified":"2023-11-16T10:25:19","modified_gmt":"2023-11-16T10:25:19","slug":"badalona-impulsa-la-primera-campanya-de-prevencio-de-les-violencies-sexuals-municipal","status":"publish","type":"post","link":"https:\/\/areabadalona.com\/diario\/2023\/11\/16\/badalona-impulsa-la-primera-campanya-de-prevencio-de-les-violencies-sexuals-municipal\/","title":{"rendered":"Badalona impulsa la primera campanya de prevenci\u00f3 de les viol\u00e8ncies sexuals municipal \u00a0"},"content":{"rendered":"\n<p>Badalona posa en marxa la primera campanya de prevenci\u00f3 de les viol\u00e8ncies sexuals que s\u2019impulsa des de l\u2019Ajuntament. Sota el lema \u201cApropa\u2019t, avancem cap a un futur de zero agressions\u201d, la iniciativa, que sorgeix d\u2019una proposta de la Plataforma 25N, es basa en tres eixos d\u2019actuaci\u00f3 b\u00e0sics: donar resposta a qualsevol acte de viol\u00e8ncia sexual oferint suport, atenci\u00f3 i acompanyament a la v\u00edctima; instruir la ciutadania sobre com respondre davant una agressi\u00f3, tant si \u00e9s patida en primera persona com si la veus o n\u2019ets coneixedor; i formar els possibles agressors per inhibir-los i fer que respectin els l\u00edmits de les altres persones i coneguin les bases d\u2019unes relacions lliures i igualit\u00e0ries. &nbsp;<\/p>\n\n\n\n<p>Per aconseguir aquests objectius, l\u2019Ajuntament de Badalona, mitjan\u00e7ant el Servei de Feminismes, ha impulsat una s\u00e8rie d\u2019accions comunicatives i de sensibilitzaci\u00f3 transversals, que compten amb el suport de tots els serveis municipals. En aquest sentit, s\u2019han programat formacions amb una empresa especialitzada destinades als alumnes de cinqu\u00e8 i sis\u00e8 de prim\u00e0ria de les 37 escoles p\u00fabliques de la ciutat i 3 centres d\u2019educaci\u00f3 especial. Tamb\u00e9 es faran formacions, en aquest cas impartides per agents de la Gu\u00e0rdia Urbana especialitzats en aquest tema, en els 9 instituts p\u00fablics de la ciutat. La voluntat de l\u2019Ajuntament \u00e9s fer arribar aquestes sessions formatives a tots els centres concertats i privats de la ciutat que ho demanin. &nbsp;<\/p>\n\n\n\n<p>Una segona branca de la campanya es desenvolupar\u00e0 entre els locals d\u2019oci nocturn i els eixos i gremis comercials, amb qui es programaran sessions formatives per conscienciar-los de la problem\u00e0tica i crear una xarxa comunit\u00e0ria compromesa amb la lluita contra les agressions sexuals. En aquest sentit, es donar\u00e0 a tots els establiments i centres que hagin rebut la formaci\u00f3 un adhesiu amb el lema \u201cPunt Segur Apropa\u2019t\u201d per tal que els enganxin en una zona visible dels seus locals. D\u2019aquesta manera, les v\u00edctimes podran saber que aquell lloc \u00e9s un punt on es poden dirigir en cas d\u2019agressi\u00f3 o situaci\u00f3 de perill i on rebran suport i col\u00b7laboraci\u00f3. &nbsp;<\/p>\n\n\n\n<p>A banda d\u2019aquests adhesius, tamb\u00e9 s\u2019ha comen\u00e7at a fer difusi\u00f3 de d\u2019altres materials gr\u00e0fics, com per exemple cartells amb els tel\u00e8fons de la Gu\u00e0rdia Urbana (93 483 2901), Emerg\u00e8ncies (112) i la l\u00ednia Contra la Viol\u00e8ncia Masclista &nbsp;(900 900 120; 016; i 600 000 016) per afavorir les den\u00fancies de les v\u00edctimes. Aquests materials van acompanyats d\u2019un codi QR que es vol fer arribar a tots els ve\u00efns de la ciutat. Quan s\u2019escaneja aquest codi s\u2019obre un lloc web on es troben consells i indicacions amb les conductes adequades per a les persones agredides o que tenen coneixement d\u2019una agressi\u00f3 i tamb\u00e9 per als possibles agressors que es puguin sentir identificats, de manera que tinguin eines per revertir el seu comportament. &nbsp;<\/p>\n\n\n\n<p>La campanya \u201cApropa\u2019t, avancem cap a un futur de zero agressions\u201d s\u2019ha presentat aquest dimecres a la tarda en una acte en qu\u00e8 han participat l\u2019alcalde de Badalona, Xavier Garcia Albiol; la regidora de l\u2019\u00c0rea de Gent Gran, Feminismes i LGTBIQ+ i Diversitat Funcional, Flor\u00e8ncia Badia; i Sheila Mart\u00ednez, regidora adjunta de l\u2019\u00c0rea de Gent Gran, Feminismes i LGTBIQ+ i Diversitat Funcional&nbsp;<\/p>\n\n\n\n<p>L\u2019alcalde de Badalona ha destacat que \u201cla prevenci\u00f3 de la discriminaci\u00f3 i la viol\u00e8ncia sexual \u00e9s una q\u00fcesti\u00f3 de tots i \u00e9s imprescindible que, com en aquest cas, anem de bracet amb les entitats i l\u2019administraci\u00f3 per poder fer front a un problema que preocupa a tothom\u201d. \u201cDes del Govern municipal lluitarem&nbsp; de manera implacable i contundent contra la viol\u00e8ncia masclista i no escatimarem recursos per acabar amb aquesta problem\u00e0tica\u201d ha asseverat Garcia Albiol. &nbsp;&nbsp;<\/p>\n","protected":false},"excerpt":{"rendered":"<p>Badalona posa en marxa la primera campanya de prevenci\u00f3 de les viol\u00e8ncies sexuals que s\u2019impulsa des de l\u2019Ajuntament. Sota el lema \u201cApropa\u2019t, avancem cap a un futur de zero agressions\u201d, la iniciativa, que sorgeix d\u2019una proposta de la Plataforma 25N, es basa en tres eixos d\u2019actuaci\u00f3 b\u00e0sics: donar resposta a qualsevol acte de viol\u00e8ncia sexual [&hellip;]<\/p>\n","protected":false},"author":2,"featured_media":6048,"comment_status":"open","ping_status":"open","sticky":false,"template":"","format":"standard","meta":{"footnotes":""},"categories":[23,24],"tags":[],"class_list":{"0":"post-6047","1":"post","2":"type-post","3":"status-publish","4":"format-standard","5":"has-post-thumbnail","7":"category-actualitat","8":"category-societat"},"_links":{"self":[{"href":"https:\/\/areabadalona.com\/diario\/wp-json\/wp\/v2\/posts\/6047","targetHints":{"allow":["GET"]}}],"collection":[{"href":"https:\/\/areabadalona.com\/diario\/wp-json\/wp\/v2\/posts"}],"about":[{"href":"https:\/\/areabadalona.com\/diario\/wp-json\/wp\/v2\/types\/post"}],"author":[{"embeddable":true,"href":"https:\/\/areabadalona.com\/diario\/wp-json\/wp\/v2\/users\/2"}],"replies":[{"embeddable":true,"href":"https:\/\/areabadalona.com\/diario\/wp-json\/wp\/v2\/comments?post=6047"}],"version-history":[{"count":1,"href":"https:\/\/areabadalona.com\/diario\/wp-json\/wp\/v2\/posts\/6047\/revisions"}],"predecessor-version":[{"id":6049,"href":"https:\/\/areabadalona.com\/diario\/wp-json\/wp\/v2\/posts\/6047\/revisions\/6049"}],"wp:featuredmedia":[{"embeddable":true,"href":"https:\/\/areabadalona.com\/diario\/wp-json\/wp\/v2\/media\/6048"}],"wp:attachment":[{"href":"https:\/\/areabadalona.com\/diario\/wp-json\/wp\/v2\/media?parent=6047"}],"wp:term":[{"taxonomy":"category","embeddable":true,"href":"https:\/\/areabadalona.com\/diario\/wp-json\/wp\/v2\/categories?post=6047"},{"taxonomy":"post_tag","embeddable":true,"href":"https:\/\/areabadalona.com\/diario\/wp-json\/wp\/v2\/tags?post=6047"}],"curies":[{"name":"wp","href":"https:\/\/api.w.org\/{rel}","templated":true}]}}