{"id":6044,"date":"2023-11-16T10:23:58","date_gmt":"2023-11-16T10:23:58","guid":{"rendered":"https:\/\/areabadalona.com\/diario\/?p=6044"},"modified":"2023-11-16T10:23:59","modified_gmt":"2023-11-16T10:23:59","slug":"en-comu-podem-rebutja-que-joan-walter-sigui-defensor-de-la-ciutadania-a-badalona","status":"publish","type":"post","link":"https:\/\/areabadalona.com\/diario\/2023\/11\/16\/en-comu-podem-rebutja-que-joan-walter-sigui-defensor-de-la-ciutadania-a-badalona\/","title":{"rendered":"En Com\u00fa Podem rebutja que  Joan Walter sigui Defensor de la Ciutadania a Badalona"},"content":{"rendered":"\n<p>Davant l&#8217;anunci del govern del PP a Badalona, de presentar al Sr. Joan Walter com a nou Defensor de la Ciutadania a Badalona, En Com\u00fa Podem rebutja que aquesta persona sigui la id\u00f2nia per exercir el c\u00e0rrec, ja que ha mostrat opinions p\u00fabliques a favor del franquisme, de la pena de mort i ha evitat condemnar els abusos patits per menors per membres de l&#8217;Esgl\u00e9sia. Tamb\u00e9 ha fet comentaris masclistes m\u00e9s propis d&#8217;una altra \u00e8poca. A m\u00e9s, el grup municipal alerta que aquesta figura hauria de ser m\u00ednimament de consens.<br>Segons la presidenta del grup municipal Badalona En Com\u00fa Podem, A\u00efda\u00a0Llaurad\u00f3, aquesta proposta \u00e9s una decisi\u00f3 unilateral del govern del PP, que tan sols ens han anunciat, i que hem rebutjat des del primer moment per tractar-se d&#8217;una persona que, pel seu perfil, no defensar\u00e0 els drets de tots els col\u00b7lectius. El seu clar vincle amb el Partit Popular, del qual ha estat regidor i continua defensant i representant en tert\u00falies fins al dia d&#8217;avui, tamb\u00e9 l&#8217;inhabilita per fiscalitzar l&#8217;acci\u00f3 de govern davant la vulneraci\u00f3 de drets de l&#8217;administraci\u00f3 local a la ciutadania.<br>\u00abConsiderem que la persona que ocupi una responsabilitat tan important ha de tenir valors democr\u00e0tics i en defensa dels drets humans. Hi ha molts exemples d&#8217;opinions p\u00fabliques de Walter que demostren no ser la persona de refer\u00e8ncia que protegeixi els drets de tothom. Reclamem a l&#8217;alcalde que proposi alg\u00fa amb un m\u00ednim de consens\u00bb.<\/p>\n","protected":false},"excerpt":{"rendered":"<p>Davant l&#8217;anunci del govern del PP a Badalona, de presentar al Sr. Joan Walter com a nou Defensor de la Ciutadania a Badalona, En Com\u00fa Podem rebutja que aquesta persona sigui la id\u00f2nia per exercir el c\u00e0rrec, ja que ha mostrat opinions p\u00fabliques a favor del franquisme, de la pena de mort i ha evitat [&hellip;]<\/p>\n","protected":false},"author":2,"featured_media":6045,"comment_status":"open","ping_status":"open","sticky":false,"template":"","format":"standard","meta":{"footnotes":""},"categories":[23],"tags":[],"class_list":{"0":"post-6044","1":"post","2":"type-post","3":"status-publish","4":"format-standard","5":"has-post-thumbnail","7":"category-actualitat"},"_links":{"self":[{"href":"https:\/\/areabadalona.com\/diario\/wp-json\/wp\/v2\/posts\/6044","targetHints":{"allow":["GET"]}}],"collection":[{"href":"https:\/\/areabadalona.com\/diario\/wp-json\/wp\/v2\/posts"}],"about":[{"href":"https:\/\/areabadalona.com\/diario\/wp-json\/wp\/v2\/types\/post"}],"author":[{"embeddable":true,"href":"https:\/\/areabadalona.com\/diario\/wp-json\/wp\/v2\/users\/2"}],"replies":[{"embeddable":true,"href":"https:\/\/areabadalona.com\/diario\/wp-json\/wp\/v2\/comments?post=6044"}],"version-history":[{"count":1,"href":"https:\/\/areabadalona.com\/diario\/wp-json\/wp\/v2\/posts\/6044\/revisions"}],"predecessor-version":[{"id":6046,"href":"https:\/\/areabadalona.com\/diario\/wp-json\/wp\/v2\/posts\/6044\/revisions\/6046"}],"wp:featuredmedia":[{"embeddable":true,"href":"https:\/\/areabadalona.com\/diario\/wp-json\/wp\/v2\/media\/6045"}],"wp:attachment":[{"href":"https:\/\/areabadalona.com\/diario\/wp-json\/wp\/v2\/media?parent=6044"}],"wp:term":[{"taxonomy":"category","embeddable":true,"href":"https:\/\/areabadalona.com\/diario\/wp-json\/wp\/v2\/categories?post=6044"},{"taxonomy":"post_tag","embeddable":true,"href":"https:\/\/areabadalona.com\/diario\/wp-json\/wp\/v2\/tags?post=6044"}],"curies":[{"name":"wp","href":"https:\/\/api.w.org\/{rel}","templated":true}]}}