{"id":6041,"date":"2023-11-16T10:21:40","date_gmt":"2023-11-16T10:21:40","guid":{"rendered":"https:\/\/areabadalona.com\/diario\/?p=6041"},"modified":"2023-11-16T10:21:41","modified_gmt":"2023-11-16T10:21:41","slug":"lajuntament-de-badalona-organitza-diverses-activitats-per-commemorar-el-dia-internacional-per-a-leliminacio-de-la-violencia-envers-les-dones","status":"publish","type":"post","link":"https:\/\/areabadalona.com\/diario\/2023\/11\/16\/lajuntament-de-badalona-organitza-diverses-activitats-per-commemorar-el-dia-internacional-per-a-leliminacio-de-la-violencia-envers-les-dones\/","title":{"rendered":"L\u2019Ajuntament de Badalona organitza diverses activitats per commemorar el Dia Internacional per a l\u2019Eliminaci\u00f3 de la Viol\u00e8ncia envers les Dones \u00a0"},"content":{"rendered":"\n<p>L\u2019\u00c0rea de Gent Gran, Feminismes i LGTBIQ+ i Diversitat Funcional de l\u2019Ajuntament de Badalona ha programat diversos actes per commemorar per el Dia Internacional per a l\u2019Eliminaci\u00f3 de la Viol\u00e8ncia envers les Dones que se celebra el dissabte 25 de novembre per tal de denunciar la viol\u00e8ncia que s\u2019exerceix sobre les dones a tot el m\u00f3n i per reclamar pol\u00edtiques per a la seva eradicaci\u00f3. Durant tot el mes hi haur\u00e0 diversos actes a la ciutat per sensibilitzar contra la viol\u00e8ncia masclista que tamb\u00e9 han organitzat diferents entitats badalonines.&nbsp;<\/p>\n\n\n\n<p><strong>Exposici\u00f3&nbsp; \u201c#MiremElPassat amb ulls de dona #Teatre\u201d&nbsp;<\/strong><\/p>\n\n\n\n<p>Fins divendres 24 de novembre.&nbsp;<\/p>\n\n\n\n<p>Centre de Cultura Tradicional Can Canyad\u00f3 (carrer de Pompeu Fabra, s\/n).&nbsp;<\/p>\n\n\n\n<p>\u201c#MiremElPassat amb ulls de dona #Teatre\u201d \u00e9s una mostra de fotografies del fons que custodia i conserva l\u2019Arxiu General i el Centre de Documentaci\u00f3 i Museu d\u2019Arts Esc\u00e8niques de l\u2019Institut del Teatre, ambd\u00f3s de la Diputaci\u00f3 de Barcelona. Emmarcada en el cicle de teatre \u00abBadalona es mostra\u00bb que organitza l&#8217;Ajuntament de Badalona.&nbsp;<\/p>\n\n\n\n<p>Aquestes imatges recuperen la veu i la for\u00e7a de les dones de teatre del primer ter\u00e7 del segle XX. Unes dones actives, independents, valentes i reivindicatives en totes les arts esc\u00e8niques, per\u00f2 silenciades i oblidades molts cops, en un m\u00f3n androc\u00e8ntric.&nbsp;<\/p>\n\n\n\n<p>Ho organitza: Servei de Cultura de l&#8217;Ajuntament de Badalona&nbsp;<\/p>\n\n\n\n<p><strong>Taller No \u00e9s no! Com ens posicionem davant el consentiment?&nbsp;<\/strong><\/p>\n\n\n\n<p>Avui dimecres 15 de novembre, a les 17 hores.&nbsp;<\/p>\n\n\n\n<p>Badiu Jove (carrer d\u2019Ausi\u00e0s Marc, 61). &nbsp;<\/p>\n\n\n\n<p>Espai adaptat per persones amb mobilitat redu\u00efda.&nbsp;<\/p>\n\n\n\n<p>El taller va dirigit a joves de 12 a 25 anys.&nbsp;<\/p>\n\n\n\n<p>Inscripcions a: badiujove@badalona.cat o trucant al tel\u00e8fon 93 483 29 34.&nbsp;<\/p>\n\n\n\n<p>Ho organitza: Badiu Jove&nbsp;<\/p>\n\n\n\n<p><strong><u>Acte institucional del Dia Internacional per a l\u2019Eliminaci\u00f3 de la Viol\u00e8ncia envers les Dones&nbsp;<\/u><\/strong><\/p>\n\n\n\n<p>Dijous 23 de novembre, a les 17.30 hores&nbsp;<\/p>\n\n\n\n<p>Pla\u00e7a. de la Vila&nbsp;<\/p>\n\n\n\n<p>Durant l\u2019acte es llegir\u00e0 el manifest unitari per part dels diferents grups pol\u00edtics amb representaci\u00f3 al Consistori.&nbsp;<\/p>\n\n\n\n<p><strong>L\u2019acte comptar\u00e0 amb la pres\u00e8ncia de l\u2019alcalde de Badalona, Xavier Garcia Albiol, i de la regidora de l\u2019\u00c0rea de Gent Gran, Feminismes i LGTBIQ+ i Diversitat Funcional, Florencia Badia.&nbsp;<\/strong><\/p>\n\n\n\n<p>Si voleu con\u00e8ixer els actes organitzata per les diferents entitats badalonines cliqueu a: &nbsp;<a href=\"http:\/\/badalona.cat\/portalWeb\/badalona.portal;jsessionid=G2GwlJ2TxcpL4B3L6yJKCBb9DhRQdfng71KnNLhwT2SRsGpC6vMj!386329695?_nfpb=true&amp;_pageLabel=contingut_estatic&amp;dCollectionID=5120#wlp_contingut_estatic\" target=\"_blank\" rel=\"noreferrer noopener\">enlla\u00e7 a p\u00e0gina web dona dia internacional contra la viol\u00e8ncia envers les dones<\/a>&nbsp;<\/p>\n","protected":false},"excerpt":{"rendered":"<p>L\u2019\u00c0rea de Gent Gran, Feminismes i LGTBIQ+ i Diversitat Funcional de l\u2019Ajuntament de Badalona ha programat diversos actes per commemorar per el Dia Internacional per a l\u2019Eliminaci\u00f3 de la Viol\u00e8ncia envers les Dones que se celebra el dissabte 25 de novembre per tal de denunciar la viol\u00e8ncia que s\u2019exerceix sobre les dones a tot el [&hellip;]<\/p>\n","protected":false},"author":2,"featured_media":6042,"comment_status":"open","ping_status":"open","sticky":false,"template":"","format":"standard","meta":{"footnotes":""},"categories":[23,24],"tags":[],"class_list":{"0":"post-6041","1":"post","2":"type-post","3":"status-publish","4":"format-standard","5":"has-post-thumbnail","7":"category-actualitat","8":"category-societat"},"_links":{"self":[{"href":"https:\/\/areabadalona.com\/diario\/wp-json\/wp\/v2\/posts\/6041","targetHints":{"allow":["GET"]}}],"collection":[{"href":"https:\/\/areabadalona.com\/diario\/wp-json\/wp\/v2\/posts"}],"about":[{"href":"https:\/\/areabadalona.com\/diario\/wp-json\/wp\/v2\/types\/post"}],"author":[{"embeddable":true,"href":"https:\/\/areabadalona.com\/diario\/wp-json\/wp\/v2\/users\/2"}],"replies":[{"embeddable":true,"href":"https:\/\/areabadalona.com\/diario\/wp-json\/wp\/v2\/comments?post=6041"}],"version-history":[{"count":1,"href":"https:\/\/areabadalona.com\/diario\/wp-json\/wp\/v2\/posts\/6041\/revisions"}],"predecessor-version":[{"id":6043,"href":"https:\/\/areabadalona.com\/diario\/wp-json\/wp\/v2\/posts\/6041\/revisions\/6043"}],"wp:featuredmedia":[{"embeddable":true,"href":"https:\/\/areabadalona.com\/diario\/wp-json\/wp\/v2\/media\/6042"}],"wp:attachment":[{"href":"https:\/\/areabadalona.com\/diario\/wp-json\/wp\/v2\/media?parent=6041"}],"wp:term":[{"taxonomy":"category","embeddable":true,"href":"https:\/\/areabadalona.com\/diario\/wp-json\/wp\/v2\/categories?post=6041"},{"taxonomy":"post_tag","embeddable":true,"href":"https:\/\/areabadalona.com\/diario\/wp-json\/wp\/v2\/tags?post=6041"}],"curies":[{"name":"wp","href":"https:\/\/api.w.org\/{rel}","templated":true}]}}