{"id":6035,"date":"2023-11-15T09:19:51","date_gmt":"2023-11-15T09:19:51","guid":{"rendered":"https:\/\/areabadalona.com\/diario\/?p=6035"},"modified":"2023-11-15T09:19:52","modified_gmt":"2023-11-15T09:19:52","slug":"badalona-disposara-dun-protocol-dactuacions-de-la-guardia-urbana-davant-les-ocupacions-conflictives-dimmobles","status":"publish","type":"post","link":"https:\/\/areabadalona.com\/diario\/2023\/11\/15\/badalona-disposara-dun-protocol-dactuacions-de-la-guardia-urbana-davant-les-ocupacions-conflictives-dimmobles\/","title":{"rendered":"Badalona disposar\u00e0 d\u2019un Protocol d\u2019actuacions de la Gu\u00e0rdia Urbana davant les ocupacions conflictives d\u2019immobles\u00a0"},"content":{"rendered":"\n<p>L\u2019alcalde de Badalona, Xavier Garcia Albiol, ha presentat avui, davant la Junta Local de Seguretat, les l\u00ednies mestres del futur Protocol d\u2019actuaci\u00f3 de la Gu\u00e0rdia Urbana de Badalona per als casos d\u2019ocupaci\u00f3 il\u00b7legal d\u2019immobles. Aquest protocol pret\u00e9n dotar el cos de la policia local d\u2019instruments especialment de lluita contra les ocupacions conflictives que generin problemes de conviv\u00e8ncia amb el ve\u00efnat.&nbsp;<\/p>\n\n\n\n<p>La presentaci\u00f3 d\u2019aquest protocol, que s\u2019enriquir\u00e0 amb les aportacions que es rebin de Generalitat i cossos policials, es portar\u00e0 al Ple de l\u2019Ajuntament a principis de l\u2019any vinent, segons que ha avan\u00e7at el mateix alcalde. Aquesta ha estat una de les q\u00fcestions que s\u2019han abordat avui a la Junta de Seguretat Local que ha tingut lloc en una sala del Centre Cultural El Carme. A la reuni\u00f3 hi ha participat del conseller d\u2019Interior de la Generalitat de Catalunya; Joan Ignasi Elena; el primer tinent d\u2019alcaldia i regidor de l\u2019\u00c0mbit d\u2019Hisenda i Finances, Recursos Interns, Educaci\u00f3, Esports i Seguretat Ciutadana, Juan Fern\u00e1ndez; el regidor de l\u2019\u00c0rea de Seguretat Ciutadana, Juan Manuel Ruiz; i els m\u00e0xims responsables de la Gu\u00e0rdia Urbana, dels Mossos d\u2019Esquadra i del Cos Nacional de Policia d\u2019aquesta ciutat, aix\u00ed com de la Gu\u00e0rdia Civil.&nbsp;<\/p>\n\n\n\n<p>L\u2019alcalde ha volgut explicitar que \u201ccal diferenciar entre les ocupacions que les persones porten a terme per circumst\u00e0ncies econ\u00f2miques, que el que necessiten de les administracions p\u00fabliques \u00e9s l\u2019ajut dels serveis socials, de les altres ocupacions protagonitzades per persones que creen problemes d\u2019incivisme, de conviv\u00e8ncia i de seguretat, i \u00e9s aqu\u00ed on hem de poder actuar amb m\u00e9s rapidesa i contund\u00e8ncia\u201d. En aquest sentit, l\u2019alcalde ha donat la dada que \u201caquest passat cap de setmana la Gu\u00e0rdia Urbana de Badalona va aconseguit aturar cinc ocupacions conflictives\u201d.&nbsp;<\/p>\n\n\n\n<p>En finalitzar la Junta Local de Seguretat han comparegut davant els mitjans de comunicaci\u00f3 l\u2019alcalde de Badalona i el conseller d\u2019Interior, Joan Ignasi Elena, qui ha valorat molt positivament \u201cl\u2019actual grau de coordinaci\u00f3 entre Mossos d\u2019Esquadra, Gu\u00e0rdia Urbana i el conjunt de cossos de seguretat\u201d i ha assenyalat que \u201ctots els presents en aquesta reuni\u00f3 hem coincidit en l\u2019aposta per destinar m\u00e9s recursos per a la seguretat\u201d, tot recordant que durant els darrers 3 anys s\u2019han incorporat 53 agents m\u00e9s a l\u2019\u00e0rea de Badalona. El conseller ha remarcat que \u201cdes dels fets objectius, Badalona \u00e9s una ciutat segura, amb 72 delictes per cada mil habitants, per sota de la mitjana que \u00e9s de 77 delictes\u201d.&nbsp;<\/p>\n\n\n\n<p>Per la seva banda, l\u2019alcalde de Badalona, Xavier Garcia Albiol, ha manifestat que \u201cno podem estar totalment satisfets mentre hi hagi ve\u00efns de la ciutat amb problemes de seguretat, per\u00f2 des del punt de vista de les dades, dels fets delictius, l\u2019evoluci\u00f3 \u00e9s molt positiva\u201d. \u201cSi Badalona est\u00e0 ara per sota de la mitjana de delictes, \u00e9s gr\u00e0cies a la gran feina de la Gu\u00e0rdia Urbana, de Mossos i de la resta de cossos de seguretat, responsables que, per exemple, els robatoris amb viol\u00e8ncia o a domicilis baixin un 24%\u201d, ha afegit Garcia Albiol.&nbsp;<\/p>\n\n\n\n<p>L\u2019alcalde s\u2019ha comprom\u00e8s en continuar treballant per aconseguir millores en el material i en l\u2019equipament de la Gu\u00e0rdia Urbana, aix\u00ed com en assolir l\u2019increment de 100 agents m\u00e9s a la plantilla durant aquest mandat. Aix\u00ed mateix, ha recordat que \u00e9s voluntat del Govern municipal, i aix\u00ed ho ha traslladat a la Junta Local de Seguretat, la posada en marxa \u201cd\u2019una caserna conjunta amb efectius de la Gu\u00e0rdia Urbana i Mossos d\u2019Esquadra a la zona sud de Badalona perqu\u00e8 cal incidir m\u00e9s als barris on es concentren determinats problemes de seguretat\u201d.&nbsp;<\/p>\n","protected":false},"excerpt":{"rendered":"<p>L\u2019alcalde de Badalona, Xavier Garcia Albiol, ha presentat avui, davant la Junta Local de Seguretat, les l\u00ednies mestres del futur Protocol d\u2019actuaci\u00f3 de la Gu\u00e0rdia Urbana de Badalona per als casos d\u2019ocupaci\u00f3 il\u00b7legal d\u2019immobles. Aquest protocol pret\u00e9n dotar el cos de la policia local d\u2019instruments especialment de lluita contra les ocupacions conflictives que generin problemes [&hellip;]<\/p>\n","protected":false},"author":2,"featured_media":6036,"comment_status":"open","ping_status":"open","sticky":false,"template":"","format":"standard","meta":{"footnotes":""},"categories":[23,24],"tags":[],"class_list":{"0":"post-6035","1":"post","2":"type-post","3":"status-publish","4":"format-standard","5":"has-post-thumbnail","7":"category-actualitat","8":"category-societat"},"_links":{"self":[{"href":"https:\/\/areabadalona.com\/diario\/wp-json\/wp\/v2\/posts\/6035","targetHints":{"allow":["GET"]}}],"collection":[{"href":"https:\/\/areabadalona.com\/diario\/wp-json\/wp\/v2\/posts"}],"about":[{"href":"https:\/\/areabadalona.com\/diario\/wp-json\/wp\/v2\/types\/post"}],"author":[{"embeddable":true,"href":"https:\/\/areabadalona.com\/diario\/wp-json\/wp\/v2\/users\/2"}],"replies":[{"embeddable":true,"href":"https:\/\/areabadalona.com\/diario\/wp-json\/wp\/v2\/comments?post=6035"}],"version-history":[{"count":1,"href":"https:\/\/areabadalona.com\/diario\/wp-json\/wp\/v2\/posts\/6035\/revisions"}],"predecessor-version":[{"id":6037,"href":"https:\/\/areabadalona.com\/diario\/wp-json\/wp\/v2\/posts\/6035\/revisions\/6037"}],"wp:featuredmedia":[{"embeddable":true,"href":"https:\/\/areabadalona.com\/diario\/wp-json\/wp\/v2\/media\/6036"}],"wp:attachment":[{"href":"https:\/\/areabadalona.com\/diario\/wp-json\/wp\/v2\/media?parent=6035"}],"wp:term":[{"taxonomy":"category","embeddable":true,"href":"https:\/\/areabadalona.com\/diario\/wp-json\/wp\/v2\/categories?post=6035"},{"taxonomy":"post_tag","embeddable":true,"href":"https:\/\/areabadalona.com\/diario\/wp-json\/wp\/v2\/tags?post=6035"}],"curies":[{"name":"wp","href":"https:\/\/api.w.org\/{rel}","templated":true}]}}