{"id":6032,"date":"2023-11-14T09:17:38","date_gmt":"2023-11-14T09:17:38","guid":{"rendered":"https:\/\/areabadalona.com\/diario\/?p=6032"},"modified":"2023-11-15T09:18:31","modified_gmt":"2023-11-15T09:18:31","slug":"el-psc-demana-al-govern-que-els-encants-tornin-a-la-rambla-del-gorg","status":"publish","type":"post","link":"https:\/\/areabadalona.com\/diario\/2023\/11\/14\/el-psc-demana-al-govern-que-els-encants-tornin-a-la-rambla-del-gorg\/","title":{"rendered":"El PSC demana al govern que els encants tornin a la rambla del Gorg"},"content":{"rendered":"\n<p><br>Aquest dimarts ha estat el primer dia que la fira del Gorg s&#8217;ha fet a les voreres del voltant de la pla\u00e7a Tarradellas. Aquest mat\u00ed, una representaci\u00f3 del Partit dels Socialistes de Badalona ha visitat el mercat per tenir les primeres impressions amb els firaires pel canvi d&#8217;ubicaci\u00f3. Des del PSC, consideren que el nou empla\u00e7ament \u00e9s molt limitat i que a m\u00e9s afecta el carril bici situat a la vorera del carrer d&#8217;Antoni Bori. A m\u00e9s, a l&#8217;espai situat pel pas dels clients del mercat hi ha diversos bancs que impedeixen la correcta mobilitat, entre les parades. Per aquest motiu, el PSC demana al govern del PP que torni a situar la fira a la rambla del Gorg, tal com demanen els mateixos firaires i ve\u00efns del barri.<\/p>\n","protected":false},"excerpt":{"rendered":"<p>Aquest dimarts ha estat el primer dia que la fira del Gorg s&#8217;ha fet a les voreres del voltant de la pla\u00e7a Tarradellas. Aquest mat\u00ed, una representaci\u00f3 del Partit dels Socialistes de Badalona ha visitat el mercat per tenir les primeres impressions amb els firaires pel canvi d&#8217;ubicaci\u00f3. Des del PSC, consideren que el nou [&hellip;]<\/p>\n","protected":false},"author":2,"featured_media":6033,"comment_status":"open","ping_status":"open","sticky":false,"template":"","format":"standard","meta":{"footnotes":""},"categories":[23],"tags":[],"class_list":{"0":"post-6032","1":"post","2":"type-post","3":"status-publish","4":"format-standard","5":"has-post-thumbnail","7":"category-actualitat"},"_links":{"self":[{"href":"https:\/\/areabadalona.com\/diario\/wp-json\/wp\/v2\/posts\/6032","targetHints":{"allow":["GET"]}}],"collection":[{"href":"https:\/\/areabadalona.com\/diario\/wp-json\/wp\/v2\/posts"}],"about":[{"href":"https:\/\/areabadalona.com\/diario\/wp-json\/wp\/v2\/types\/post"}],"author":[{"embeddable":true,"href":"https:\/\/areabadalona.com\/diario\/wp-json\/wp\/v2\/users\/2"}],"replies":[{"embeddable":true,"href":"https:\/\/areabadalona.com\/diario\/wp-json\/wp\/v2\/comments?post=6032"}],"version-history":[{"count":1,"href":"https:\/\/areabadalona.com\/diario\/wp-json\/wp\/v2\/posts\/6032\/revisions"}],"predecessor-version":[{"id":6034,"href":"https:\/\/areabadalona.com\/diario\/wp-json\/wp\/v2\/posts\/6032\/revisions\/6034"}],"wp:featuredmedia":[{"embeddable":true,"href":"https:\/\/areabadalona.com\/diario\/wp-json\/wp\/v2\/media\/6033"}],"wp:attachment":[{"href":"https:\/\/areabadalona.com\/diario\/wp-json\/wp\/v2\/media?parent=6032"}],"wp:term":[{"taxonomy":"category","embeddable":true,"href":"https:\/\/areabadalona.com\/diario\/wp-json\/wp\/v2\/categories?post=6032"},{"taxonomy":"post_tag","embeddable":true,"href":"https:\/\/areabadalona.com\/diario\/wp-json\/wp\/v2\/tags?post=6032"}],"curies":[{"name":"wp","href":"https:\/\/api.w.org\/{rel}","templated":true}]}}