{"id":6029,"date":"2023-11-13T09:16:11","date_gmt":"2023-11-13T09:16:11","guid":{"rendered":"https:\/\/areabadalona.com\/diario\/?p=6029"},"modified":"2023-11-15T09:16:46","modified_gmt":"2023-11-15T09:16:46","slug":"primera-jornada-de-practiques-restauratives-a-badalona","status":"publish","type":"post","link":"https:\/\/areabadalona.com\/diario\/2023\/11\/13\/primera-jornada-de-practiques-restauratives-a-badalona\/","title":{"rendered":"Primera Jornada de Pr\u00e0ctiques Restauratives a Badalona\u00a0"},"content":{"rendered":"\n<p>Dem\u00e0 <strong>dimarts, 14 de novembre,<\/strong>&nbsp;es dur\u00e0 a terme al <strong>Centre C\u00edvic la Salut<\/strong>&nbsp;(avinguda del Marqu\u00e8s de Sant Mori, s\/n), <strong>de 15.30 a 20.30 hores<\/strong>, la primera Jornada de Pr\u00e0ctiques Restauratives a Badalona sota el tema \u201cLa mirada restaurativa: reptes per a la implementaci\u00f3 en els entorns educatius de m\u00e0xima complexitat\u201d organitzada pel Servei de Mediaci\u00f3 de l\u2019Ajuntament de Badalona. A l\u2019acte hi participar\u00e0 l\u2019expert internacional en pr\u00e0ctiques restauratives i gesti\u00f3 integradora dels conflictes, Jean Schmitz.&nbsp;<\/p>\n\n\n\n<p>La jornada t\u00e9 com objectiu reflexionar al voltant de les pr\u00e0ctiques restauratives i compartir experi\u00e8ncies de diferents centres educatius de m\u00e0xima complexitat del territori. Les practiques restauratives ofereixen eines que permeten prevenir, detectar, gestionar i resoldre les situacions de conflicte o problemes en diferents \u00e0mbits (familiar, educatiu, social, laboral, judicial i comunitari) per tal de millorar la conviv\u00e8ncia i refor\u00e7ar els vincles afectiu entre les persones afectades per aquestes situacions. &nbsp;<\/p>\n\n\n\n<p>Durant la jornada es donar\u00e0 a con\u00e8ixer les experi\u00e8ncies de diversos instituts i es podran compartir reflexions entorn als reptes d\u2019implementaci\u00f3 d\u2019aquesta mirada.&nbsp;<\/p>\n\n\n\n<p>Hi col\u00b7laboren el Centre de Recursos Pedag\u00f2gics de Badalona i Espai Coneix Sccl.&nbsp;<\/p>\n","protected":false},"excerpt":{"rendered":"<p>Dem\u00e0 dimarts, 14 de novembre,&nbsp;es dur\u00e0 a terme al Centre C\u00edvic la Salut&nbsp;(avinguda del Marqu\u00e8s de Sant Mori, s\/n), de 15.30 a 20.30 hores, la primera Jornada de Pr\u00e0ctiques Restauratives a Badalona sota el tema \u201cLa mirada restaurativa: reptes per a la implementaci\u00f3 en els entorns educatius de m\u00e0xima complexitat\u201d organitzada pel Servei de Mediaci\u00f3 [&hellip;]<\/p>\n","protected":false},"author":2,"featured_media":6030,"comment_status":"open","ping_status":"open","sticky":false,"template":"","format":"standard","meta":{"footnotes":""},"categories":[23],"tags":[],"class_list":{"0":"post-6029","1":"post","2":"type-post","3":"status-publish","4":"format-standard","5":"has-post-thumbnail","7":"category-actualitat"},"_links":{"self":[{"href":"https:\/\/areabadalona.com\/diario\/wp-json\/wp\/v2\/posts\/6029","targetHints":{"allow":["GET"]}}],"collection":[{"href":"https:\/\/areabadalona.com\/diario\/wp-json\/wp\/v2\/posts"}],"about":[{"href":"https:\/\/areabadalona.com\/diario\/wp-json\/wp\/v2\/types\/post"}],"author":[{"embeddable":true,"href":"https:\/\/areabadalona.com\/diario\/wp-json\/wp\/v2\/users\/2"}],"replies":[{"embeddable":true,"href":"https:\/\/areabadalona.com\/diario\/wp-json\/wp\/v2\/comments?post=6029"}],"version-history":[{"count":1,"href":"https:\/\/areabadalona.com\/diario\/wp-json\/wp\/v2\/posts\/6029\/revisions"}],"predecessor-version":[{"id":6031,"href":"https:\/\/areabadalona.com\/diario\/wp-json\/wp\/v2\/posts\/6029\/revisions\/6031"}],"wp:featuredmedia":[{"embeddable":true,"href":"https:\/\/areabadalona.com\/diario\/wp-json\/wp\/v2\/media\/6030"}],"wp:attachment":[{"href":"https:\/\/areabadalona.com\/diario\/wp-json\/wp\/v2\/media?parent=6029"}],"wp:term":[{"taxonomy":"category","embeddable":true,"href":"https:\/\/areabadalona.com\/diario\/wp-json\/wp\/v2\/categories?post=6029"},{"taxonomy":"post_tag","embeddable":true,"href":"https:\/\/areabadalona.com\/diario\/wp-json\/wp\/v2\/tags?post=6029"}],"curies":[{"name":"wp","href":"https:\/\/api.w.org\/{rel}","templated":true}]}}