{"id":6026,"date":"2023-11-13T09:13:41","date_gmt":"2023-11-13T09:13:41","guid":{"rendered":"https:\/\/areabadalona.com\/diario\/?p=6026"},"modified":"2023-11-15T09:15:31","modified_gmt":"2023-11-15T09:15:31","slug":"en-marxa-el-6e-cicle-de-cinema-i-drets-humans-a-badalona-per-a-instituts-i-centres-de-secundaria","status":"publish","type":"post","link":"https:\/\/areabadalona.com\/diario\/2023\/11\/13\/en-marxa-el-6e-cicle-de-cinema-i-drets-humans-a-badalona-per-a-instituts-i-centres-de-secundaria\/","title":{"rendered":"En marxa el 6\u00e8 Cicle de Cinema i Drets Humans a Badalona per a instituts i centres de secund\u00e0ria\u00a0"},"content":{"rendered":"\n<p>Aquest mes s\u2019ha posat en marxa la 6a edici\u00f3 del Cicle de Cinema i Drets Humans que es dur\u00e0 a terme fins el dimecres 29 de novembre als matins a la sala de teatre d\u2019El C\u00edrcol (carrer de Sant Anastasi, 2) i que va adre\u00e7at a l\u2019alumnat d&#8217;ESO dels centres de secund\u00e0ria i d\u2019educaci\u00f3 especial de la ciutat.&nbsp;<\/p>\n\n\n\n<p>Les pel\u00b7l\u00edcules seleccionades aborden tem\u00e0tiques vinculades als drets humans des de la perspectiva de la lluita feminista; de l&#8217;educaci\u00f3 i la mem\u00f2ria hist\u00f2rica; de les persones en cerca de refugi i de la diversitat funcional de les persones.&nbsp;<\/p>\n\n\n\n<p>Aquesta \u00e9s la programaci\u00f3 prevista a partir d\u2019aquesta setmana: &nbsp;<\/p>\n\n\n\n<p><strong>Refugi en curt<\/strong>&nbsp;(7 curts) (1r a 4t d&#8217;ESO) 60&#8242;&nbsp;<\/p>\n\n\n\n<p>Dijous 16 de novembre, 10 a 12 hores.&nbsp;<\/p>\n\n\n\n<p><strong>La professora d&#8217;hist\u00f2ria<\/strong>&nbsp;(1r a 4t d&#8217;ESO) 100&#8242;&nbsp;<\/p>\n\n\n\n<p>Dimarts 21 de novembre, 10 a 12 hores.&nbsp;<\/p>\n\n\n\n<p><strong>Campeones<\/strong>&nbsp;(1r i 2n d&#8217;ESO) 124&#8242;&nbsp;<\/p>\n\n\n\n<p>Dimecres 29 de novembre, 10 a 12.30 hores, (inclou presentaci\u00f3 i col\u00b7loqui).&nbsp;<\/p>\n\n\n\n<p>En el 6\u00e8 cicle de Cinema i Drets Humans hi participen sis-cent alumnes dels instituts i centres de secund\u00e0ria Baldomer Sol\u00e0, Barres i Ones, Bet\u00falia, Isaac Alb\u00e9niz, La Llauna, Lestonnac, Rafael Alberti i Tur\u00f3 d\u2019en Caritg.&nbsp;<\/p>\n\n\n\n<p>El Cicle de Cinema i Drets Humans est\u00e0 organitzat pel Servei d&#8217;Educaci\u00f3 de l&#8217;Ajuntament de Badalona amb la col\u00b7laboraci\u00f3 de Mitjans-Sodepau-Edualter i d&#8217;ASPANIN.&nbsp;<\/p>\n","protected":false},"excerpt":{"rendered":"<p>Aquest mes s\u2019ha posat en marxa la 6a edici\u00f3 del Cicle de Cinema i Drets Humans que es dur\u00e0 a terme fins el dimecres 29 de novembre als matins a la sala de teatre d\u2019El C\u00edrcol (carrer de Sant Anastasi, 2) i que va adre\u00e7at a l\u2019alumnat d&#8217;ESO dels centres de secund\u00e0ria i d\u2019educaci\u00f3 especial [&hellip;]<\/p>\n","protected":false},"author":2,"featured_media":6027,"comment_status":"open","ping_status":"open","sticky":false,"template":"","format":"standard","meta":{"footnotes":""},"categories":[23],"tags":[],"class_list":{"0":"post-6026","1":"post","2":"type-post","3":"status-publish","4":"format-standard","5":"has-post-thumbnail","7":"category-actualitat"},"_links":{"self":[{"href":"https:\/\/areabadalona.com\/diario\/wp-json\/wp\/v2\/posts\/6026","targetHints":{"allow":["GET"]}}],"collection":[{"href":"https:\/\/areabadalona.com\/diario\/wp-json\/wp\/v2\/posts"}],"about":[{"href":"https:\/\/areabadalona.com\/diario\/wp-json\/wp\/v2\/types\/post"}],"author":[{"embeddable":true,"href":"https:\/\/areabadalona.com\/diario\/wp-json\/wp\/v2\/users\/2"}],"replies":[{"embeddable":true,"href":"https:\/\/areabadalona.com\/diario\/wp-json\/wp\/v2\/comments?post=6026"}],"version-history":[{"count":1,"href":"https:\/\/areabadalona.com\/diario\/wp-json\/wp\/v2\/posts\/6026\/revisions"}],"predecessor-version":[{"id":6028,"href":"https:\/\/areabadalona.com\/diario\/wp-json\/wp\/v2\/posts\/6026\/revisions\/6028"}],"wp:featuredmedia":[{"embeddable":true,"href":"https:\/\/areabadalona.com\/diario\/wp-json\/wp\/v2\/media\/6027"}],"wp:attachment":[{"href":"https:\/\/areabadalona.com\/diario\/wp-json\/wp\/v2\/media?parent=6026"}],"wp:term":[{"taxonomy":"category","embeddable":true,"href":"https:\/\/areabadalona.com\/diario\/wp-json\/wp\/v2\/categories?post=6026"},{"taxonomy":"post_tag","embeddable":true,"href":"https:\/\/areabadalona.com\/diario\/wp-json\/wp\/v2\/tags?post=6026"}],"curies":[{"name":"wp","href":"https:\/\/api.w.org\/{rel}","templated":true}]}}