{"id":6019,"date":"2023-11-10T12:51:54","date_gmt":"2023-11-10T12:51:54","guid":{"rendered":"https:\/\/areabadalona.com\/diario\/?p=6019"},"modified":"2023-11-10T12:51:54","modified_gmt":"2023-11-10T12:51:54","slug":"badalona-celebra-del-15-al-24-de-novembre-la-4a-setmana-dels-drets-dels-infants","status":"publish","type":"post","link":"https:\/\/areabadalona.com\/diario\/2023\/11\/10\/badalona-celebra-del-15-al-24-de-novembre-la-4a-setmana-dels-drets-dels-infants\/","title":{"rendered":"Badalona celebra del 15 al 24 de novembre la 4a Setmana dels Drets dels Infants"},"content":{"rendered":"\n<p>El Consell dels Infants de Badalona (CIB) i la Taula d\u2019Inf\u00e0ncia i Adolesc\u00e8ncia de Badalona (TIAB) organitzen la quarta Setmana dels Drets dels Infants, que es celebrar\u00e0 del 15 al 24 de novembre. &nbsp;<\/p>\n\n\n\n<p>L\u2019objectiu de la Setmana \u00e9s promoure el coneixement i el comprom\u00eds en la defensa dels Drets dels Infants i el treball col\u00b7lectiu necessari per garantir-los de forma efectiva i cercar el comprom\u00eds dels responsables pol\u00edtics per a que la perspectiva de la inf\u00e0ncia i la defensa dels seus drets es posi al centre de les pol\u00edtiques p\u00fabliques. &nbsp;<\/p>\n\n\n\n<p>Durant aquestes jornades es realitzaran un seguit d\u2019activitats relacionades amb la difusi\u00f3 dels drets dels infants pensades per la mainada dels centres que formen part del Consell dels Infants de Badalona i d&#8217;altres centres i entitats. &nbsp;<\/p>\n\n\n\n<p>La Setmana dels Drets dels Infants, en concret el dilluns 20 de novembre &nbsp;servir\u00e0 tamb\u00e9 per commemorar el 64\u00e9 aniversari de la Declaraci\u00f3 i el 34\u00e8 aniversari de la Convenci\u00f3 de l\u2019ONU sobre els Drets dels Infants, el 19\u00e9 aniversari del Consell dels Infants de Badalona i el 7\u00e9 de la Taula de la Inf\u00e0ncia i l\u2019Adolesc\u00e8ncia de Badalona.&nbsp;<\/p>\n\n\n\n<p>Aquestes s\u00f3n les activitats previstes pel dia 20 de novembre a la pla\u00e7a de la Vila:&nbsp;<\/p>\n\n\n\n<p><strong>Pancarta del CIB&nbsp;<\/strong><\/p>\n\n\n\n<p>Col\u00b7locaci\u00f3 de la pancarta del CIB (Dia dels Drets del Infants + WHY?) al balc\u00f3 de l\u2019edifici de l&#8217;Ajuntament.&nbsp;<\/p>\n\n\n\n<p><strong>Exposici\u00f3&nbsp;<\/strong><\/p>\n\n\n\n<p>A les 8.30 hores s\u2019instal\u00b7lar\u00e0 l\u2019exposici\u00f3 de cartells fets pels infants dels centres escolars i socioeducatius del CIB sobre els Drets dels Infants.&nbsp;<\/p>\n\n\n\n<p><strong>Lectura manifest&nbsp;<\/strong><\/p>\n\n\n\n<p>I dilluns 20 de novembre, a les 18 hores, a la pla\u00e7a de la Vila, es far\u00e0 la lectura del Manifest sobre els Drets dels Infants i una can\u00e7\u00f3 ball protagonitzada pels membres del Consell dels Infants de Badalona.&nbsp;<\/p>\n","protected":false},"excerpt":{"rendered":"<p>El Consell dels Infants de Badalona (CIB) i la Taula d\u2019Inf\u00e0ncia i Adolesc\u00e8ncia de Badalona (TIAB) organitzen la quarta Setmana dels Drets dels Infants, que es celebrar\u00e0 del 15 al 24 de novembre. &nbsp; L\u2019objectiu de la Setmana \u00e9s promoure el coneixement i el comprom\u00eds en la defensa dels Drets dels Infants i el treball [&hellip;]<\/p>\n","protected":false},"author":2,"featured_media":6020,"comment_status":"open","ping_status":"open","sticky":false,"template":"","format":"standard","meta":{"footnotes":""},"categories":[23],"tags":[],"class_list":{"0":"post-6019","1":"post","2":"type-post","3":"status-publish","4":"format-standard","5":"has-post-thumbnail","7":"category-actualitat"},"_links":{"self":[{"href":"https:\/\/areabadalona.com\/diario\/wp-json\/wp\/v2\/posts\/6019","targetHints":{"allow":["GET"]}}],"collection":[{"href":"https:\/\/areabadalona.com\/diario\/wp-json\/wp\/v2\/posts"}],"about":[{"href":"https:\/\/areabadalona.com\/diario\/wp-json\/wp\/v2\/types\/post"}],"author":[{"embeddable":true,"href":"https:\/\/areabadalona.com\/diario\/wp-json\/wp\/v2\/users\/2"}],"replies":[{"embeddable":true,"href":"https:\/\/areabadalona.com\/diario\/wp-json\/wp\/v2\/comments?post=6019"}],"version-history":[{"count":1,"href":"https:\/\/areabadalona.com\/diario\/wp-json\/wp\/v2\/posts\/6019\/revisions"}],"predecessor-version":[{"id":6021,"href":"https:\/\/areabadalona.com\/diario\/wp-json\/wp\/v2\/posts\/6019\/revisions\/6021"}],"wp:featuredmedia":[{"embeddable":true,"href":"https:\/\/areabadalona.com\/diario\/wp-json\/wp\/v2\/media\/6020"}],"wp:attachment":[{"href":"https:\/\/areabadalona.com\/diario\/wp-json\/wp\/v2\/media?parent=6019"}],"wp:term":[{"taxonomy":"category","embeddable":true,"href":"https:\/\/areabadalona.com\/diario\/wp-json\/wp\/v2\/categories?post=6019"},{"taxonomy":"post_tag","embeddable":true,"href":"https:\/\/areabadalona.com\/diario\/wp-json\/wp\/v2\/tags?post=6019"}],"curies":[{"name":"wp","href":"https:\/\/api.w.org\/{rel}","templated":true}]}}