{"id":6016,"date":"2023-11-10T12:48:34","date_gmt":"2023-11-10T12:48:34","guid":{"rendered":"https:\/\/areabadalona.com\/diario\/?p=6016"},"modified":"2023-11-10T12:48:35","modified_gmt":"2023-11-10T12:48:35","slug":"lalcalde-de-badalona-participa-en-el-forum-de-governs-locals-de-la-unio-europea-i-de-la-comunitat-destats-de-llatinoamerica-i-carib","status":"publish","type":"post","link":"https:\/\/areabadalona.com\/diario\/2023\/11\/10\/lalcalde-de-badalona-participa-en-el-forum-de-governs-locals-de-la-unio-europea-i-de-la-comunitat-destats-de-llatinoamerica-i-carib\/","title":{"rendered":"L\u2019alcalde de Badalona participa en el F\u00f2rum de Governs Locals de la Uni\u00f3 Europea i de la Comunitat d&#8217;Estats de Llatinoam\u00e8rica i Carib\u00a0"},"content":{"rendered":"\n<p>L\u2019alcalde de Badalona, Xavier Garcia Albiol, ha participat aquest dijous al mat\u00ed en el F\u00f2rum de Governs Locals de la Uni\u00f3 Europea i de la Comunitat d&#8217;Estats de Llatinoam\u00e8rica i Carib, unes jornades que se celebren avui i dem\u00e0 al Paranimf de l&#8217;Escola Industrial de Barcelona. El f\u00f2rum reuneix representants de tot aquest \u00e0mbit geogr\u00e0fic amb la voluntat de posar en com\u00fa els principals reptes que han d\u2019afrontar les ciutats en els pr\u00f2xims anys i mostrar les diferents visions existents per abordar-los. &nbsp;<\/p>\n\n\n\n<p>Garcia Albiol ha format part de la taula de debat \u201cMirades creuades entre Europa i Am\u00e8rica Llatina\u201d en qualitat d\u2019alcalde de Badalona i representant de la Federaci\u00f3 Espanyola de Municipis i Prov\u00edncies (FEMP). En la taula, l\u2019alcalde ha compartit idees amb Pablo Javkin, alcalde de Rosario i representant de Mercociudades; Fabrizio Rossi, secretari general del Consell de Municipis i Regions d\u2019Europa (CMRE); i Federico Castillo, secretari general, Uni\u00f3n Iberoamericana de Municipalistas (UIM).&nbsp;<\/p>\n\n\n\n<p>Durant les seves intervencions, l\u2019alcalde de Badalona ha remarcat que davant els grans desafiaments que advenen \u201cs\u2019ha de tenir molt present que les ciutats som el primer referent de les persones, on es dirigeixen priorit\u00e0riament perqu\u00e8 es resolguin els seus problemes del dia a dia; per aix\u00f2 \u00e9s imprescindible que les administracions supramunicipals escoltin les nostres demandes i aportin tot el finan\u00e7ament i els recursos que necessitem per poder atendre aquestes problem\u00e0tiques\u201d. En aquest sentit, Garcia Albiol ha considerat que \u201cles ciutats hem de ser un actor principal a l\u2019hora d\u2019establir els fulls de ruta col\u00b7lectius, ja que tenim grans reptes com la immigraci\u00f3, la demografia o la implantaci\u00f3 d\u2019una administraci\u00f3 totalment electr\u00f2nica que no podrem abordar correctament si no es t\u00e9 en compte la nostra veu\u201d. &nbsp;<\/p>\n\n\n\n<p>El F\u00f2rum de Governs Locals de la Uni\u00f3 Europea i de la Comunitat d&#8217;Estats de Llatinoam\u00e8rica i Carib \u00e9s una iniciativa organitzada per la Federaci\u00f3 Espanyola de Municipis i Prov\u00edncies (FEMP) i la Diputaci\u00f3 de Barcelona, amb el suport de la Secretaria d&#8217;Estat per a la Cooperaci\u00f3 Internacional del Govern d&#8217;Espanya, el Consell de Municipis i Regions d&#8217;Europa (CMRE), Mercociudades i altres xarxes de governs locals.&nbsp;<\/p>\n","protected":false},"excerpt":{"rendered":"<p>L\u2019alcalde de Badalona, Xavier Garcia Albiol, ha participat aquest dijous al mat\u00ed en el F\u00f2rum de Governs Locals de la Uni\u00f3 Europea i de la Comunitat d&#8217;Estats de Llatinoam\u00e8rica i Carib, unes jornades que se celebren avui i dem\u00e0 al Paranimf de l&#8217;Escola Industrial de Barcelona. El f\u00f2rum reuneix representants de tot aquest \u00e0mbit geogr\u00e0fic [&hellip;]<\/p>\n","protected":false},"author":2,"featured_media":6017,"comment_status":"open","ping_status":"open","sticky":false,"template":"","format":"standard","meta":{"footnotes":""},"categories":[23],"tags":[],"class_list":{"0":"post-6016","1":"post","2":"type-post","3":"status-publish","4":"format-standard","5":"has-post-thumbnail","7":"category-actualitat"},"_links":{"self":[{"href":"https:\/\/areabadalona.com\/diario\/wp-json\/wp\/v2\/posts\/6016","targetHints":{"allow":["GET"]}}],"collection":[{"href":"https:\/\/areabadalona.com\/diario\/wp-json\/wp\/v2\/posts"}],"about":[{"href":"https:\/\/areabadalona.com\/diario\/wp-json\/wp\/v2\/types\/post"}],"author":[{"embeddable":true,"href":"https:\/\/areabadalona.com\/diario\/wp-json\/wp\/v2\/users\/2"}],"replies":[{"embeddable":true,"href":"https:\/\/areabadalona.com\/diario\/wp-json\/wp\/v2\/comments?post=6016"}],"version-history":[{"count":1,"href":"https:\/\/areabadalona.com\/diario\/wp-json\/wp\/v2\/posts\/6016\/revisions"}],"predecessor-version":[{"id":6018,"href":"https:\/\/areabadalona.com\/diario\/wp-json\/wp\/v2\/posts\/6016\/revisions\/6018"}],"wp:featuredmedia":[{"embeddable":true,"href":"https:\/\/areabadalona.com\/diario\/wp-json\/wp\/v2\/media\/6017"}],"wp:attachment":[{"href":"https:\/\/areabadalona.com\/diario\/wp-json\/wp\/v2\/media?parent=6016"}],"wp:term":[{"taxonomy":"category","embeddable":true,"href":"https:\/\/areabadalona.com\/diario\/wp-json\/wp\/v2\/categories?post=6016"},{"taxonomy":"post_tag","embeddable":true,"href":"https:\/\/areabadalona.com\/diario\/wp-json\/wp\/v2\/tags?post=6016"}],"curies":[{"name":"wp","href":"https:\/\/api.w.org\/{rel}","templated":true}]}}