{"id":6013,"date":"2023-11-10T12:26:29","date_gmt":"2023-11-10T12:26:29","guid":{"rendered":"https:\/\/areabadalona.com\/diario\/?p=6013"},"modified":"2023-11-10T12:26:30","modified_gmt":"2023-11-10T12:26:30","slug":"dimarts-14-de-novembre-sinicien-les-activitats-de-la-28a-setmana-de-la-ciencia-a-badalona","status":"publish","type":"post","link":"https:\/\/areabadalona.com\/diario\/2023\/11\/10\/dimarts-14-de-novembre-sinicien-les-activitats-de-la-28a-setmana-de-la-ciencia-a-badalona\/","title":{"rendered":"Dimarts 14 de novembre s&#8217;inicien les activitats de la 28a Setmana de la Ci\u00e8ncia a Badalona\u00a0"},"content":{"rendered":"\n<p>Des d\u2019aquest proper dimarts 14 de novembre, i fins diumenge dia 19, diversos centres educatius de secund\u00e0ria de Badalona participaran en la 28a Setmana de la Ci\u00e8ncia a Badalona que se celebra del 10 al 19 de novembre i que oferir\u00e0 un seguit d\u2019activitats. Aquesta 28a Setmana de la Ci\u00e8ncia, promoguda per la Fundaci\u00f3 Catalana per a la Recerca i la Innovaci\u00f3, forma part tamb\u00e9 de les activitats vinculades a la celebraci\u00f3 de l&#8217;Any Joan Or\u00f3. &nbsp;<\/p>\n\n\n\n<p>Les activitats programades, adre\u00e7ades a escolars, infants, joves i fam\u00edlies, han estat organitzades per l\u2019Institut de Recerca contra la Leuc\u00e8mia Josep Carreras (IJC), l\u2019Institut de Recerca Germans Trias i Pujol (IGTP), els Centres de Recursos Pedag\u00f2gics (CRP) de la Generalitat de Catalunya, l\u2019Escola del Mar, l\u2019Escola de Natura, la Xarxa Municipal de Biblioteques, el Museu de Badalona i el Servei d\u2019Educaci\u00f3 de l\u2019Ajuntament de Badalona&nbsp;<\/p>\n\n\n\n<p>Aquestes s\u00f3n les activitats previstes:&nbsp;<\/p>\n\n\n\n<p><strong>Confer\u00e8ncies i visites per a batxillerat i cicles formatius &nbsp;<\/strong><\/p>\n\n\n\n<p>Dimarts 14 de novembre, a l\u2019Hospital Germans Trias i Pujol (sala d\u2019actes)&nbsp;<\/p>\n\n\n\n<p>9.45 h &#8211; Benvinguda.&nbsp;<\/p>\n\n\n\n<p>10 h &#8211; A Can Ruti fem recerca, a c\u00e0rrec de l\u2019equip de direcci\u00f3 de l\u2019Institut de Recerca Germans Trias i Pujol (IGTP).&nbsp;<\/p>\n\n\n\n<p>10.30 h &#8211; Projectes \u2013 el futur de la medicina.&nbsp;<\/p>\n\n\n\n<p>Presentacions de joves investigador\/es de Can Ruti.&nbsp;<\/p>\n\n\n\n<p>D\u201911 a 12.15 h &#8211; Open House \u2013 Coneix de prop el campus de Can Ruti. Visita en petits grups a centres de recerca:&nbsp;<\/p>\n\n\n\n<p>1&nbsp; Banc de Sang i Teixits&nbsp;<\/p>\n\n\n\n<p>2&nbsp; El Centre d&#8217;Estudis Epidemiol\u00f2gics sobre les Infeccions de Transmissi\u00f3 Sexual i Sida de Catalunya (CEEISCAT): taller epidemiologia d\u2019Infeccions de Transmissi\u00f3 Sexual (ITS)&nbsp;<\/p>\n\n\n\n<p>3&nbsp; Hospital Germans Trias i Pujol&nbsp;<\/p>\n\n\n\n<p>4&nbsp; Institut Catal\u00e0 d&#8217;Oncologia i Programa CARE (<em>Translational Program in Cancer Research<\/em>)&nbsp;<\/p>\n\n\n\n<p>5&nbsp; Institut Germans Trias i Pujol: taller Bioinform\u00e0tica&nbsp;<\/p>\n\n\n\n<p>6 Institut Germans Trias i Pujol: visita CMCiB (Centre de Medicina Comparativa i Bioimatge de Catalunya)&nbsp;<\/p>\n\n\n\n<p>7 &nbsp;Institut Germans Trias i Pujol; laboratoris biom\u00e8dics&nbsp;<\/p>\n\n\n\n<p>8&nbsp; Institut Guttmann&nbsp;<\/p>\n\n\n\n<p>9&nbsp; Institut de Recerca de la Sida IrsiCaixa i Fundaci\u00f3 Lluita Contra les Infeccions&nbsp;<\/p>\n\n\n\n<p>10 Universitat Aut\u00f2noma de Barcelona&nbsp;<\/p>\n\n\n\n<p><strong>Museu de Badalona &nbsp;<\/strong><\/p>\n\n\n\n<p><strong>\u201cOssos que parlen. Una aproximaci\u00f3 de l\u2019antropologia forense a l\u2019aula des d\u2019una perspectiva did\u00e0ctica\u201d<\/strong>. &nbsp;<\/p>\n\n\n\n<p>Confer\u00e8ncia adre\u00e7ada a l\u2019alumnat d\u2019ESO.&nbsp;<\/p>\n\n\n\n<p>A c\u00e0rrec d\u2019Esther Espejo, llicenciada en Hist\u00f2ria de l\u2019Art i t\u00e8cnica del Museu de Badalona. &nbsp;<\/p>\n\n\n\n<p>Accessible des del 14 de novembre a: museudebadalona.cat&nbsp;<\/p>\n\n\n\n<p><strong>La ci\u00e8ncia en primera persona<\/strong>&nbsp;<\/p>\n\n\n\n<p>Dimecres 15 de novembre&nbsp;<\/p>\n\n\n\n<p>Per a 3r i 4t d&#8217;ESO&nbsp;<\/p>\n\n\n\n<p>Connexi\u00f3 amb cient\u00edfics\/ques que expliquen el seu treball.&nbsp;<\/p>\n\n\n\n<p>9.30 h &#8211; <strong>Microgravetat<\/strong>. &nbsp;<\/p>\n\n\n\n<p>Jos\u00e9 Ignacio Rojas, divisi\u00f3 d\u2019Enginyeria Aeroespacial del Departament de F\u00edsica de la UPC.&nbsp;<\/p>\n\n\n\n<p>10.30 h &#8211; <strong>Nanotecnologia<\/strong>. &nbsp;<\/p>\n\n\n\n<p>Jordi D\u00edaz, professor de Qu\u00edmica al Departament de Materials de la Universitat de Barcelona.&nbsp;<\/p>\n\n\n\n<p>11.30 h &#8211; <strong>Espai<\/strong>. &nbsp;<\/p>\n\n\n\n<p>N\u00faria Jar, periodista especialitzada en ci\u00e8ncia i salut i membre de la tripulaci\u00f3 de la misi\u00f3 Hypatia.&nbsp;<\/p>\n\n\n\n<p>12.30 h &#8211;<strong>&nbsp;Meteorologia<\/strong>.&nbsp;<\/p>\n\n\n\n<p>Eloi Cordom\u00ed, f\u00edsic i meteor\u00f2leg a Televisi\u00f3 de Catalunya.&nbsp;<\/p>\n\n\n\n<p>Canal de Youtube de la FCRI, per a centres inscrits pr\u00e8viament.&nbsp;<\/p>\n\n\n\n<p>Organitza: Fundaci\u00f3 Catalana per a la Recerca i la Innovaci\u00f3 (FCRI).&nbsp;<\/p>\n\n\n\n<p><strong>Ci\u00e8ncia de prop per a tothom&nbsp;<\/strong><\/p>\n\n\n\n<p>Dijous 16 de novembre&nbsp;<\/p>\n\n\n\n<p>Pla\u00e7a de la Vila i Ajuntament de Badalona (sala planta baixa).&nbsp;<\/p>\n\n\n\n<p>17 a 20 h &#8211; Tallers experimentals per a totes les edats de l&#8217;Institut de Recerca contra la Leuc\u00e8mia Josep Carreras (IJC) i de l&#8217;Institut de Recerca Germans Trias i Pujol (IGTP).&nbsp;<\/p>\n\n\n\n<p>18 h &#8211; \u00abLa recerca de l&#8217;Institut Germans Trias i Pujol\u00bb,.&nbsp;<\/p>\n\n\n\n<p>Confer\u00e8ncia a c\u00e0rrec d&#8217;investigadors\/es de l\u2019IGTP.&nbsp;<\/p>\n\n\n\n<p>18.30 h &#8211; \u00abEl sistema immunitari en la lluita contra el c\u00e0ncer\u00bb. &nbsp;<\/p>\n\n\n\n<p>A c\u00e0rrec de Laura Mart\u00ednez, investigadora IJC.&nbsp;<\/p>\n\n\n\n<p>19 h &#8211; \u00abImmunosupressi\u00f3, causes i conseq\u00fc\u00e8ncies\u00bb, taula rodona\/debat participatiu amb investigadors\/es IGTP i IJC.&nbsp;<\/p>\n\n\n\n<p>Organitza: IJC i IGTP, Campus Can Ruti&nbsp;<\/p>\n\n\n\n<p><strong>Activitats i tallers per a infants i fam\u00edlies a les biblioteques &nbsp;<\/strong><\/p>\n\n\n\n<p>Dimecres 15 de novembre, a les 17.30 hores.&nbsp;<\/p>\n\n\n\n<p><strong>Biblioteca Llefi\u00e0 &#8211; Xavier Soto&nbsp;<\/strong><\/p>\n\n\n\n<p>Taller: Bibliolab. L\u2019aventura de la poci\u00f3 secreta.&nbsp;<\/p>\n\n\n\n<p>A partir d\u2019un conte teatralitzat els nens i nenes viatgen amb un cient\u00edfic a la recerca del Mag Merl\u00ed, superant proves i fent experiments. A c\u00e0rrec de Funbrain.&nbsp;<\/p>\n\n\n\n<p>Per a infants a partir de 5 anys.&nbsp;<\/p>\n\n\n\n<p>Cal inscripci\u00f3 pr\u00e8via a la biblioteca, o a <a href=\"mailto:b.badalona.lle@diba.cat\">b.badalona.lle@diba.cat<\/a> o al tel\u00e8fon 93 383 29 70.&nbsp;<\/p>\n\n\n\n<p>Dimecres 15 de novembre, a les 17.30 hores.&nbsp;<\/p>\n\n\n\n<p><strong>Biblioteca Lloreda&nbsp;<\/strong><\/p>\n\n\n\n<p>Taller: Fem pintura m\u00e0gica!&nbsp;<\/p>\n\n\n\n<p>Amb la c\u00farcuma i el bicarbonat, els m\u00e9s petits poden fer experiments i descobrir missatges secrets. &nbsp;<\/p>\n\n\n\n<p>Per a infants a partir de 4 anys.&nbsp;<\/p>\n\n\n\n<p>Cal inscripci\u00f3 pr\u00e8via a la biblioteca, o a <a href=\"mailto:b.badalona.lle@diba.cat\">b.badalona.lle@diba.cat<\/a>, o al tel\u00e8fon 93 383 31 75.&nbsp;<\/p>\n\n\n\n<p>Dimecres 15, a les 17.30 hores.&nbsp;<\/p>\n\n\n\n<p><strong>Biblioteca Pomar&nbsp;<\/strong><\/p>\n\n\n\n<p>Taller: Experiments amb fam\u00edlia: \u00e9s l\u00edquid o \u00e9s s\u00f2lid?&nbsp;<\/p>\n\n\n\n<p>La Mari i els seus ajudants ens resoldran l\u2019enigma amb el taller d&#8217;Oobleck.&nbsp;<\/p>\n\n\n\n<p>Per a infants a partir de 4 anys.&nbsp;<\/p>\n\n\n\n<p>Cal inscripci\u00f3 pr\u00e8via a la biblioteca, o a&nbsp; <a href=\"mailto:b.badalona.p@diba.cat\">b.badalona.p@diba.cat<\/a>, o al tel\u00e8fon&nbsp; 93 395 35 07.&nbsp;<\/p>\n\n\n\n<p>Dijous 16 de novembre, a les 17.30 hores.&nbsp;<\/p>\n\n\n\n<p><strong>Biblioteca Can Casacuberta &#8211; Espai Ucl\u00e9s&nbsp;<\/strong><\/p>\n\n\n\n<p>Taller: Bee Bot&nbsp;<\/p>\n\n\n\n<p>Bee-Bot \u00e9s un robot abella que ensenya el control, el llenguatge direccional i a iniciar-se en la programaci\u00f3. &nbsp;<\/p>\n\n\n\n<p>A c\u00e0rrec d\u2019EduKem-Nos.&nbsp;<\/p>\n\n\n\n<p>Per a infants a partir de 5 anys.&nbsp;<\/p>\n\n\n\n<p>Cal inscripci\u00f3 pr\u00e8via a la sala Josep Ucl\u00e9s (CC El Carme), o al tel\u00e8fon 662 922 339, o a <a href=\"mailto:b.badalona.cc@diba.cat\">b.badalona.cc@diba.cat<\/a>.&nbsp;<\/p>\n\n\n\n<p>Dilluns 27, a les 18 hores.&nbsp;<\/p>\n\n\n\n<p><strong>Biblioteca Sant Roc&nbsp;<\/strong><\/p>\n\n\n\n<p>Taller: 550 anys del naixement de Cop\u00e8rnic. Vols notar el moviment de la terra? &nbsp;<\/p>\n\n\n\n<p>A c\u00e0rrec de Rat Parellada i Carles Schnabel.&nbsp;<\/p>\n\n\n\n<p>Per a infants a partir de 6 anys.&nbsp;<\/p>\n\n\n\n<p>Cal inscripci\u00f3 pr\u00e8via a la biblioteca, o a <a href=\"mailto:b.badalona.sr@diba.cat\">b.badalona.sr@diba.cat<\/a>, o al tel\u00e8fon 93 460 12 57. &nbsp;<\/p>\n","protected":false},"excerpt":{"rendered":"<p>Des d\u2019aquest proper dimarts 14 de novembre, i fins diumenge dia 19, diversos centres educatius de secund\u00e0ria de Badalona participaran en la 28a Setmana de la Ci\u00e8ncia a Badalona que se celebra del 10 al 19 de novembre i que oferir\u00e0 un seguit d\u2019activitats. Aquesta 28a Setmana de la Ci\u00e8ncia, promoguda per la Fundaci\u00f3 Catalana [&hellip;]<\/p>\n","protected":false},"author":2,"featured_media":6014,"comment_status":"open","ping_status":"open","sticky":false,"template":"","format":"standard","meta":{"footnotes":""},"categories":[23],"tags":[],"class_list":{"0":"post-6013","1":"post","2":"type-post","3":"status-publish","4":"format-standard","5":"has-post-thumbnail","7":"category-actualitat"},"_links":{"self":[{"href":"https:\/\/areabadalona.com\/diario\/wp-json\/wp\/v2\/posts\/6013","targetHints":{"allow":["GET"]}}],"collection":[{"href":"https:\/\/areabadalona.com\/diario\/wp-json\/wp\/v2\/posts"}],"about":[{"href":"https:\/\/areabadalona.com\/diario\/wp-json\/wp\/v2\/types\/post"}],"author":[{"embeddable":true,"href":"https:\/\/areabadalona.com\/diario\/wp-json\/wp\/v2\/users\/2"}],"replies":[{"embeddable":true,"href":"https:\/\/areabadalona.com\/diario\/wp-json\/wp\/v2\/comments?post=6013"}],"version-history":[{"count":1,"href":"https:\/\/areabadalona.com\/diario\/wp-json\/wp\/v2\/posts\/6013\/revisions"}],"predecessor-version":[{"id":6015,"href":"https:\/\/areabadalona.com\/diario\/wp-json\/wp\/v2\/posts\/6013\/revisions\/6015"}],"wp:featuredmedia":[{"embeddable":true,"href":"https:\/\/areabadalona.com\/diario\/wp-json\/wp\/v2\/media\/6014"}],"wp:attachment":[{"href":"https:\/\/areabadalona.com\/diario\/wp-json\/wp\/v2\/media?parent=6013"}],"wp:term":[{"taxonomy":"category","embeddable":true,"href":"https:\/\/areabadalona.com\/diario\/wp-json\/wp\/v2\/categories?post=6013"},{"taxonomy":"post_tag","embeddable":true,"href":"https:\/\/areabadalona.com\/diario\/wp-json\/wp\/v2\/tags?post=6013"}],"curies":[{"name":"wp","href":"https:\/\/api.w.org\/{rel}","templated":true}]}}