{"id":6010,"date":"2023-11-10T11:32:48","date_gmt":"2023-11-10T11:32:48","guid":{"rendered":"https:\/\/areabadalona.com\/diario\/?p=6010"},"modified":"2023-11-10T11:32:48","modified_gmt":"2023-11-10T11:32:48","slug":"el-museu-de-badalona-facilita-la-consulta-en-linia-de-censos-i-padrons-historics-de-la-ciutat","status":"publish","type":"post","link":"https:\/\/areabadalona.com\/diario\/2023\/11\/10\/el-museu-de-badalona-facilita-la-consulta-en-linia-de-censos-i-padrons-historics-de-la-ciutat\/","title":{"rendered":"El Museu de Badalona facilita la consulta en l\u00ednia de censos i padrons hist\u00f2rics de la ciutat\u00a0"},"content":{"rendered":"\n<p>El Museu de Badalona facilita la consulta en l\u00ednia a trav\u00e9s de la seva p\u00e0gina web de padrons i censos hist\u00f2rics de Badalona. Es tracta d\u2019un recurs imprescindible per als investigadors que fan recerca sobre hist\u00f2ria local o persones interessades en genealogia.&nbsp;<\/p>\n\n\n\n<p>El cens de poblaci\u00f3 \u00e9s la relaci\u00f3 de les dades demogr\u00e0fiques, econ\u00f2miques i socials d\u2019una poblaci\u00f3, en aquest cas, de Badalona. La informaci\u00f3 recollida -adre\u00e7a, noms de les persones, sexe, edat, estat civil, grau d\u2019instrucci\u00f3 i altres dades econ\u00f2miques- canvia poc entre els diversos registres. Els censos que es conserven a l\u2019Arxiu Hist\u00f2ric de la Ciutat de Badalona (AHBDN) van des del segle XIX fins al 1940, tot i que en aquesta primera fase nom\u00e9s es podr\u00e0 consultar en l\u00ednia un cens incomplet datat al segle XIX, i els de 1857 i 1860.&nbsp;<\/p>\n\n\n\n<p>Pel que fa al padr\u00f3 municipal d\u2019habitants, \u00e9s el registre de persones que viuen en el municipi realitzat per l\u2019Ajuntament amb la funci\u00f3 d\u2019acreditar la resid\u00e8ncia en un domicili concret. A l\u2019AHBDN es conserva un dels padrons m\u00e9s antics de Catalunya, el de l\u2019any 1717, que ara es podr\u00e0 consultar en l\u00ednia juntament amb la resta de padrons que es custodien a l\u2019arxiu fins a l\u2019any 1914. La resta de padrons, que arriben fins a l\u2019any 1945, encara no es trobaran al web.&nbsp;<\/p>\n\n\n\n<p>Tot i que tant els censos com els padrons recullen informaci\u00f3 dels mateixos habitants, hi ha algunes difer\u00e8ncies pel que fa a la seva finalitat i contingut. Mentre que el cens t\u00e9 un car\u00e0cter estad\u00edstic i es fa a \u00e0mbit estatal amb l\u2019objectiu de recollir informaci\u00f3 demogr\u00e0fica i social sobre el nombre i la distribuci\u00f3 de la poblaci\u00f3, els padrons els porten a terme els municipis i tenen una funci\u00f3 purament administrativa. &nbsp;<\/p>\n\n\n\n<p>Amb aquest nou recurs ja es pot consultar a les p\u00e0gines web <a href=\"https:\/\/www.museudebadalona.cat\/arxiu\/ahbdn\/censos\">https:\/\/www.museudebadalona.cat\/arxiu\/ahbdn\/censos<\/a><a href=\"https:\/\/www.museudebadalona.cat\/arxiu\/ahbdn\/padrons\">https:\/\/www.museudebadalona.cat\/arxiu\/ahbdn\/padrons<\/a>&nbsp;<\/p>\n\n\n\n<p>ampliant les eines per a les persones que vulguin fer recerca, a la vegada que es vetlla per a la conservaci\u00f3 d\u2019aquests importants fons hist\u00f2rics, evitant-ne la manipulaci\u00f3 que els pots deteriorar.&nbsp;<\/p>\n","protected":false},"excerpt":{"rendered":"<p>El Museu de Badalona facilita la consulta en l\u00ednia a trav\u00e9s de la seva p\u00e0gina web de padrons i censos hist\u00f2rics de Badalona. Es tracta d\u2019un recurs imprescindible per als investigadors que fan recerca sobre hist\u00f2ria local o persones interessades en genealogia.&nbsp; El cens de poblaci\u00f3 \u00e9s la relaci\u00f3 de les dades demogr\u00e0fiques, econ\u00f2miques i [&hellip;]<\/p>\n","protected":false},"author":2,"featured_media":6007,"comment_status":"open","ping_status":"open","sticky":false,"template":"","format":"standard","meta":{"footnotes":""},"categories":[23],"tags":[],"class_list":{"0":"post-6010","1":"post","2":"type-post","3":"status-publish","4":"format-standard","5":"has-post-thumbnail","7":"category-actualitat"},"_links":{"self":[{"href":"https:\/\/areabadalona.com\/diario\/wp-json\/wp\/v2\/posts\/6010","targetHints":{"allow":["GET"]}}],"collection":[{"href":"https:\/\/areabadalona.com\/diario\/wp-json\/wp\/v2\/posts"}],"about":[{"href":"https:\/\/areabadalona.com\/diario\/wp-json\/wp\/v2\/types\/post"}],"author":[{"embeddable":true,"href":"https:\/\/areabadalona.com\/diario\/wp-json\/wp\/v2\/users\/2"}],"replies":[{"embeddable":true,"href":"https:\/\/areabadalona.com\/diario\/wp-json\/wp\/v2\/comments?post=6010"}],"version-history":[{"count":1,"href":"https:\/\/areabadalona.com\/diario\/wp-json\/wp\/v2\/posts\/6010\/revisions"}],"predecessor-version":[{"id":6012,"href":"https:\/\/areabadalona.com\/diario\/wp-json\/wp\/v2\/posts\/6010\/revisions\/6012"}],"wp:featuredmedia":[{"embeddable":true,"href":"https:\/\/areabadalona.com\/diario\/wp-json\/wp\/v2\/media\/6007"}],"wp:attachment":[{"href":"https:\/\/areabadalona.com\/diario\/wp-json\/wp\/v2\/media?parent=6010"}],"wp:term":[{"taxonomy":"category","embeddable":true,"href":"https:\/\/areabadalona.com\/diario\/wp-json\/wp\/v2\/categories?post=6010"},{"taxonomy":"post_tag","embeddable":true,"href":"https:\/\/areabadalona.com\/diario\/wp-json\/wp\/v2\/tags?post=6010"}],"curies":[{"name":"wp","href":"https:\/\/api.w.org\/{rel}","templated":true}]}}