{"id":5970,"date":"2023-10-30T10:12:39","date_gmt":"2023-10-30T10:12:39","guid":{"rendered":"https:\/\/areabadalona.com\/diario\/?p=5970"},"modified":"2023-10-31T10:13:21","modified_gmt":"2023-10-31T10:13:21","slug":"lalcalde-de-badalona-participa-en-la-conferencia-de-presidents-del-comite-europeu-de-las-regions-que-se-celebra-a-logronyo","status":"publish","type":"post","link":"https:\/\/areabadalona.com\/diario\/2023\/10\/30\/lalcalde-de-badalona-participa-en-la-conferencia-de-presidents-del-comite-europeu-de-las-regions-que-se-celebra-a-logronyo\/","title":{"rendered":"L\u2019alcalde de Badalona participa en la confer\u00e8ncia de presidents del Comit\u00e8 Europeu de las Regions que se celebra a Logronyo \u00a0"},"content":{"rendered":"\n<p>L\u2019alcalde de Badalona, Xavier Garcia Albiol, ha viatjat a Logronyo per participar en la confer\u00e8ncia de presidents del Comit\u00e8 Europeu de les Regions que se celebra avui i dem\u00e0 a la capital de La Rioja. L\u2019alcalde, que va ser nomenat la setmana passada&nbsp; membre del Consell d\u2019Europa i del Comit\u00e8 de les Regions en representaci\u00f3 dels ajuntaments, ha iniciat aquesta tarda la seva activitat en la trobada amb una intervenci\u00f3 en el debat \u201cEls reptes i les oportunitats que afronten les autoritats locals i regionals a Espanya\u201d. &nbsp;<\/p>\n\n\n\n<p>En el seu discurs, l\u2019alcalde ha explicat que des de les administracions locals \u201ces necessiten m\u00e9s recursos per oferir el servei que els nostres ciutadans esperen de nosaltres; \u00e9s el que des de la FEMP anomenem la segona descentralitzaci\u00f3, que, b\u00e0sicament, es tradueix en fer passos i avan\u00e7ar en modificacions legislatives que permetin una modificaci\u00f3 de la Llei d&#8217;Hisendes Locals\u201d. &nbsp;<\/p>\n\n\n\n<p>Garcia Albiol ha remarcat que \u201cel que volem aconseguir des dels municipis \u00e9s que les administracions superiors ens garanteixin els recursos suficients per fer front a les responsabilitats que ens venen imposades, i que a la vegada es faci un reconeixement de l&#8217;impacte que t\u00e9 sobre els governs locals el desenvolupament de compet\u00e8ncies impr\u00f2pies que, sovint, no tenim m\u00e9s remei que assumir\u201d.&nbsp;<\/p>\n\n\n\n<p>L\u2019alcalde de Badalona ha destacat que la millora del finan\u00e7ament \u00e9s molt important, per\u00f2 que tamb\u00e9 \u00e9s imprescindible abordar de manera transversal altres reptes com \u201cla transici\u00f3 mediambiental, la transici\u00f3 digital, la cohesi\u00f3 social, la igualtat o la lluita contra la despoblaci\u00f3, entre altres\u201d. \u201cTots aquests desafiaments s\u2019han d\u2019entomar des d\u2019una perspectiva humanit\u00e0ria i des de la cooperaci\u00f3 interadministrativa\u201d ha afegit Garcia Albiol. &nbsp;<\/p>\n\n\n\n<p>L\u2019activitat de l\u2019alcalde d\u2019aquest mateix dilluns s\u2019ha completat aquesta tarda amb una reuni\u00f3 privada amb el president del Comit\u00e8 Europeu de les Regions, Vasco Cordeiro. A m\u00e9s, dem\u00e0 dimarts Garcia Albiol formar\u00e0 part de dues confer\u00e8ncies sobre reptes demogr\u00e0fics i emerg\u00e8ncia clim\u00e0tica abans de tornar a Badalona. &nbsp;<\/p>\n","protected":false},"excerpt":{"rendered":"<p>L\u2019alcalde de Badalona, Xavier Garcia Albiol, ha viatjat a Logronyo per participar en la confer\u00e8ncia de presidents del Comit\u00e8 Europeu de les Regions que se celebra avui i dem\u00e0 a la capital de La Rioja. L\u2019alcalde, que va ser nomenat la setmana passada&nbsp; membre del Consell d\u2019Europa i del Comit\u00e8 de les Regions en representaci\u00f3 [&hellip;]<\/p>\n","protected":false},"author":2,"featured_media":5971,"comment_status":"open","ping_status":"open","sticky":false,"template":"","format":"standard","meta":{"footnotes":""},"categories":[23],"tags":[],"class_list":{"0":"post-5970","1":"post","2":"type-post","3":"status-publish","4":"format-standard","5":"has-post-thumbnail","7":"category-actualitat"},"_links":{"self":[{"href":"https:\/\/areabadalona.com\/diario\/wp-json\/wp\/v2\/posts\/5970","targetHints":{"allow":["GET"]}}],"collection":[{"href":"https:\/\/areabadalona.com\/diario\/wp-json\/wp\/v2\/posts"}],"about":[{"href":"https:\/\/areabadalona.com\/diario\/wp-json\/wp\/v2\/types\/post"}],"author":[{"embeddable":true,"href":"https:\/\/areabadalona.com\/diario\/wp-json\/wp\/v2\/users\/2"}],"replies":[{"embeddable":true,"href":"https:\/\/areabadalona.com\/diario\/wp-json\/wp\/v2\/comments?post=5970"}],"version-history":[{"count":1,"href":"https:\/\/areabadalona.com\/diario\/wp-json\/wp\/v2\/posts\/5970\/revisions"}],"predecessor-version":[{"id":5972,"href":"https:\/\/areabadalona.com\/diario\/wp-json\/wp\/v2\/posts\/5970\/revisions\/5972"}],"wp:featuredmedia":[{"embeddable":true,"href":"https:\/\/areabadalona.com\/diario\/wp-json\/wp\/v2\/media\/5971"}],"wp:attachment":[{"href":"https:\/\/areabadalona.com\/diario\/wp-json\/wp\/v2\/media?parent=5970"}],"wp:term":[{"taxonomy":"category","embeddable":true,"href":"https:\/\/areabadalona.com\/diario\/wp-json\/wp\/v2\/categories?post=5970"},{"taxonomy":"post_tag","embeddable":true,"href":"https:\/\/areabadalona.com\/diario\/wp-json\/wp\/v2\/tags?post=5970"}],"curies":[{"name":"wp","href":"https:\/\/api.w.org\/{rel}","templated":true}]}}