{"id":5964,"date":"2023-10-31T10:07:35","date_gmt":"2023-10-31T10:07:35","guid":{"rendered":"https:\/\/areabadalona.com\/diario\/?p=5964"},"modified":"2023-10-31T10:07:35","modified_gmt":"2023-10-31T10:07:35","slug":"el-3-de-novembre-sobriran-les-preinscripcions-per-participar-en-la-29a-edicio-del-mercat-del-trasto-de-badalona-que-se-celebrara-diumenge-26-de-novembre","status":"publish","type":"post","link":"https:\/\/areabadalona.com\/diario\/2023\/10\/31\/el-3-de-novembre-sobriran-les-preinscripcions-per-participar-en-la-29a-edicio-del-mercat-del-trasto-de-badalona-que-se-celebrara-diumenge-26-de-novembre\/","title":{"rendered":"El 3 de novembre s\u2019obriran les preinscripcions per participar en la 29a edici\u00f3 del Mercat del Trasto de Badalona que se celebrar\u00e0 diumenge 26 de novembre\u00a0"},"content":{"rendered":"\n<p>El divendres 3 de novembre, a les 8.30 hores, s\u2019obrir\u00e0 el termini per poder participar en la 29a edici\u00f3 del ja tradicional Mercat del Trasto de Badalona, que se celebrar\u00e0 el diumenge 26 de novembre al parc de les Muntanyetes. Les persones que hi vulguin posar una parada podran fer la preinscripci\u00f3 en l\u00ednia a la p\u00e0gina web de l\u2019Ajuntament de Badalona. En aquesta edici\u00f3 el mercat comptar\u00e0 amb 248 parades.&nbsp;<\/p>\n\n\n\n<p>El Mercat del Trasto \u00e9s una fira on els ciutadans particulars i associacions sense \u00e0nim de lucre poden vendre els seus objectes de segona m\u00e0. El mercat t\u00e9 l\u2019objectiu de promoure la reutilitzaci\u00f3, donar valor als objectes usats que estiguin en bon estat perqu\u00e8 no es converteixin en residus i, alhora, donin servei a persones que els necessitin. \u00c9s per aix\u00f2 que s\u2019emmarca dins les actuacions de la Setmana Europea de Prevenci\u00f3 de Residus.&nbsp;<\/p>\n\n\n\n<p><strong>Com inscriure\u2019s&nbsp;<\/strong><\/p>\n\n\n\n<p>Les persones que estiguin interessades en participar en el Mercat del Trasto del 26 de novembre muntant una parada podran fer la seva preinscripci\u00f3 a partir d\u2019aquest divendres, 3 de novembre, a trav\u00e9s de la secci\u00f3 de \u201cTr\u00e0mits\u201d de la p\u00e0gina web de l\u2019Ajuntament.&nbsp;<\/p>\n\n\n\n<p>Enguany, el formulari en l\u00ednia per inscriure-s\u2019hi es troba dins la seu electr\u00f2nica municipal i, per realitzar el tr\u00e0mit en l\u00ednia, caldr\u00e0 que l\u2019usuari disposi d\u2019un certificat digital o b\u00e9 s\u2019hagi donat d\u2019alta al sistema VALID (idCAT m\u00f2bil).&nbsp;<\/p>\n\n\n\n<p>Les persones que no tinguin mitjans per fer la preinscripci\u00f3 en l\u00ednia ho podran fer presencialment a l\u2019\u00c0rea de Medi Ambient de l\u2019Ajuntament de Badalona, ubicada a l\u2019entres\u00f2l de l\u2019edifici municipal El Viver (pla\u00e7a de l\u2019Assemblea de Catalunya, 9-12). Aquestes preinscripcions es podran fer de dilluns a divendres, de 8.30 a 13.30 hores, i tamb\u00e9 els dijous laborables de 16 a 18.30 hores. Les places s\u2019atorgaran per rigor\u00f3s ordre d\u2019inscripci\u00f3 i tindran prefer\u00e8ncia els ciutadans de Badalona. Les inscripcions es tancaran el 13 de novembre&nbsp;<\/p>\n\n\n\n<p><strong>Un Mercat del Trasto amb vessant solid\u00e0ria&nbsp;<\/strong><\/p>\n\n\n\n<p>En aquesta edici\u00f3, igual com s\u2019ha fet en altres anys, totes les persones que hi posin una parada hauran d\u2019aportar, com a m\u00ednim, un quilo de menjar envasat (preferiblement arr\u00f2s, pasta, llegums, oli o llet) que es donar\u00e0 al Banc d\u2019Aliments de Badalona. A m\u00e9s, qualsevol persona que ho desitgi, podr\u00e0 fer aportacions de menjar ja que hi haur\u00e0 un punt de recollida espec\u00edfic obert a tothom. La recollida d\u2019aliments destinats a les persones m\u00e9s necessitades es far\u00e0 merc\u00e8s a la col\u00b7laboraci\u00f3 de l\u2019Associaci\u00f3 Social Amics del Gorg Mar.&nbsp;<\/p>\n\n\n\n<p>Tamb\u00e9, tal com s\u2019ha anat fent en les \u00faltimes edicions, es tindr\u00e0 una cura especial en la recuperaci\u00f3 de residus que genera el mercat i comptarem amb la col\u00b7laboraci\u00f3 d\u2019entitats que gestionaran i revaloritzaran els objectes per tal que no es converteixin en residus. Aix\u00ed, tots els objectes que els paradistes no hagin venut i vulguin llen\u00e7ar (roba, aparells el\u00e8ctrics, objectes diversos, etc..), es recolliran en uns contenidors espec\u00edfics per garantir la seva recuperaci\u00f3.&nbsp;<\/p>\n\n\n\n<p><strong>L\u2019Espai d\u2019Aigua Sostenible&nbsp;<\/strong><\/p>\n\n\n\n<p>Aquesta edici\u00f3 del Mercat del Trasto comptar\u00e0, de la m\u00e0 d\u2019Aig\u00fces de Barcelona, amb un espai l\u00fadic i educatiu dedicat especialment a les nenes i nens d\u2019entre 3 i 12 anys. Es tracta de l&#8217;Espai d&#8217;Aigua Sostenible, un esdeveniment on els m\u00e9s petits podran descobrir, mitjan\u00e7ant activitats dinamitzades, el cicle antr\u00f2pic de l&#8217;aigua i com es pot tenir cura d&#8217;aquest recurs tan valu\u00f3s. En definitiva; un espai de joc per tal de con\u00e8ixer la sostenibilitat i com treballar pel futur del nostre planeta.&nbsp;<\/p>\n\n\n\n<p>Per la regidora de Medi Ambient de l\u2019Ajuntament de Badalona, S\u00f2nia Egea, \u201camb gaireb\u00e9 20 anys d\u2019hist\u00f2ria, el Mercat del Trasto s\u2019ha consolidat com un esdeveniment amb una vessant mediambiental orientada a la reutilitzaci\u00f3 i reducci\u00f3 de residus\u201d. Segons Egea aquest fet \u201c\u00e9s altament benefici\u00f3s pel medi ambient i, alhora, estalvia molts recursos de les administracions a l\u2019hora de gestionar residus que en gran part s\u00f3n roba usada\u00bb.&nbsp;<\/p>\n","protected":false},"excerpt":{"rendered":"<p>El divendres 3 de novembre, a les 8.30 hores, s\u2019obrir\u00e0 el termini per poder participar en la 29a edici\u00f3 del ja tradicional Mercat del Trasto de Badalona, que se celebrar\u00e0 el diumenge 26 de novembre al parc de les Muntanyetes. Les persones que hi vulguin posar una parada podran fer la preinscripci\u00f3 en l\u00ednia a [&hellip;]<\/p>\n","protected":false},"author":2,"featured_media":5965,"comment_status":"open","ping_status":"open","sticky":false,"template":"","format":"standard","meta":{"footnotes":""},"categories":[23,24],"tags":[],"class_list":{"0":"post-5964","1":"post","2":"type-post","3":"status-publish","4":"format-standard","5":"has-post-thumbnail","7":"category-actualitat","8":"category-societat"},"_links":{"self":[{"href":"https:\/\/areabadalona.com\/diario\/wp-json\/wp\/v2\/posts\/5964","targetHints":{"allow":["GET"]}}],"collection":[{"href":"https:\/\/areabadalona.com\/diario\/wp-json\/wp\/v2\/posts"}],"about":[{"href":"https:\/\/areabadalona.com\/diario\/wp-json\/wp\/v2\/types\/post"}],"author":[{"embeddable":true,"href":"https:\/\/areabadalona.com\/diario\/wp-json\/wp\/v2\/users\/2"}],"replies":[{"embeddable":true,"href":"https:\/\/areabadalona.com\/diario\/wp-json\/wp\/v2\/comments?post=5964"}],"version-history":[{"count":1,"href":"https:\/\/areabadalona.com\/diario\/wp-json\/wp\/v2\/posts\/5964\/revisions"}],"predecessor-version":[{"id":5966,"href":"https:\/\/areabadalona.com\/diario\/wp-json\/wp\/v2\/posts\/5964\/revisions\/5966"}],"wp:featuredmedia":[{"embeddable":true,"href":"https:\/\/areabadalona.com\/diario\/wp-json\/wp\/v2\/media\/5965"}],"wp:attachment":[{"href":"https:\/\/areabadalona.com\/diario\/wp-json\/wp\/v2\/media?parent=5964"}],"wp:term":[{"taxonomy":"category","embeddable":true,"href":"https:\/\/areabadalona.com\/diario\/wp-json\/wp\/v2\/categories?post=5964"},{"taxonomy":"post_tag","embeddable":true,"href":"https:\/\/areabadalona.com\/diario\/wp-json\/wp\/v2\/tags?post=5964"}],"curies":[{"name":"wp","href":"https:\/\/api.w.org\/{rel}","templated":true}]}}