{"id":5953,"date":"2023-10-30T09:20:00","date_gmt":"2023-10-30T09:20:00","guid":{"rendered":"https:\/\/areabadalona.com\/diario\/?p=5953"},"modified":"2023-10-30T09:20:42","modified_gmt":"2023-10-30T09:20:42","slug":"la-magic-bdn-running-omple-un-any-mes-els-carrers-i-places-de-badalona","status":"publish","type":"post","link":"https:\/\/areabadalona.com\/diario\/2023\/10\/30\/la-magic-bdn-running-omple-un-any-mes-els-carrers-i-places-de-badalona\/","title":{"rendered":"La M\u00e0gic BDN Running omple un any m\u00e9s els carrers i places de Badalona"},"content":{"rendered":"\n<p>Un total de <strong>3.200 corredors i corredores <\/strong>s\u2019han donat cita aquest diumenge 29 d\u2019octubre per la <strong>12a edici\u00f3 de la M\u00e0gic BDN Running,<\/strong> la cursa m\u00e9s emblem\u00e0tica i solid\u00e0ria de Badalona que any rere any ajunta milers de persones al voltant de l\u2019esport.<\/p>\n\n\n\n<p>Al llarg del mat\u00ed, <strong>els circuits de 5K, 10K i les curses infantils<\/strong> han vist passar milers de participants tot recorrent els principals indrets d\u2019inter\u00e8s de la ciutat com <strong>el Pont del Petroli, el Passeig Mar\u00edtim, la Platja dels Pescadors o la Rambla.<\/strong><\/p>\n\n\n\n<p>La <strong>solidaritat<\/strong> \u00e9s un dels valors cabdals de la Cursa i l\u2019origen com a homenatge a l\u2019esportista badalon\u00ed Luis Condon, que va morir <strong>a causa de la leuc\u00e8mia ara fa dotze anys,<\/strong> ha inspirat l\u2019organitzaci\u00f3 en la tradici\u00f3 de donar 1 euro de cada inscripci\u00f3 a la Fundaci\u00f3 Josep Carreras. A m\u00e9s, un any m\u00e9s s\u2019ha promogut <strong>el \u2018Dorsal Imparable\u2019<\/strong> per aquells i aquelles participants que volien fer una donaci\u00f3 extra de 10 euros a la Fundaci\u00f3.<\/p>\n\n\n\n<p>En total, en aquesta dotzena edici\u00f3 de la M\u00e0gic BDN Running <strong>s\u2019han aconseguit recaptar 3.500 euros.<\/strong> L\u2019encarregada de recollir el xec en nom de la Fundaci\u00f3 Josep Carreras, ha sigut Regina D\u00edez, responsable de Responsable de Aliances Corporatives e Iniciatives solid\u00e0riesde la Fundaci\u00f3;acompanyada del primer tinent d\u2019alcalde de Badalona, Juan Fern\u00e1ndez; representants de la organitzaci\u00f3 i membres de la familia Cond\u00f3n.<\/p>\n\n\n\n<p>A banda, els i les participants que ho volguessin han pogut inscriure\u2019s com a <strong>donants de medul\u00b7la \u00f2ssia a un estand del Banc de Sang i Teixits<\/strong> situat al final del recorregut.<\/p>\n\n\n\n<p>La Cursa ha tingut <strong>un marcat caire festiu i familiar,<\/strong> assequible per a tota mena d\u2019esportista i pensada perqu\u00e8 tothom s\u2019atrev\u00eds a participar al millor esdeveniment esportiu de la ciutat de Badalona, <strong>a c\u00f3rrer i a establir h\u00e0bits de vida saludable.<\/strong><\/p>\n\n\n\n<figure class=\"wp-block-gallery has-nested-images columns-default is-cropped wp-block-gallery-1 is-layout-flex wp-block-gallery-is-layout-flex\">\n<figure class=\"wp-block-image size-large\"><a href=\"https:\/\/areabadalona.com\/diario\/wp-content\/uploads\/2023\/10\/Magic-BDN-Running-3.jpg\"><img loading=\"lazy\" decoding=\"async\" width=\"1024\" height=\"683\" data-id=\"5955\" src=\"https:\/\/areabadalona.com\/diario\/wp-content\/uploads\/2023\/10\/Magic-BDN-Running-3-1024x683.jpg\" alt=\"\" class=\"wp-image-5955\" srcset=\"https:\/\/areabadalona.com\/diario\/wp-content\/uploads\/2023\/10\/Magic-BDN-Running-3-1024x683.jpg 1024w, https:\/\/areabadalona.com\/diario\/wp-content\/uploads\/2023\/10\/Magic-BDN-Running-3-300x200.jpg 300w, https:\/\/areabadalona.com\/diario\/wp-content\/uploads\/2023\/10\/Magic-BDN-Running-3-768x512.jpg 768w, https:\/\/areabadalona.com\/diario\/wp-content\/uploads\/2023\/10\/Magic-BDN-Running-3-150x100.jpg 150w, https:\/\/areabadalona.com\/diario\/wp-content\/uploads\/2023\/10\/Magic-BDN-Running-3-696x464.jpg 696w, https:\/\/areabadalona.com\/diario\/wp-content\/uploads\/2023\/10\/Magic-BDN-Running-3-1068x712.jpg 1068w, https:\/\/areabadalona.com\/diario\/wp-content\/uploads\/2023\/10\/Magic-BDN-Running-3.jpg 1200w\" sizes=\"auto, (max-width: 1024px) 100vw, 1024px\" \/><\/a><\/figure>\n\n\n\n<figure class=\"wp-block-image size-large\"><a href=\"https:\/\/areabadalona.com\/diario\/wp-content\/uploads\/2023\/10\/Magic-BDN-Running-4.jpg\"><img loading=\"lazy\" decoding=\"async\" width=\"1024\" height=\"683\" data-id=\"5954\" src=\"https:\/\/areabadalona.com\/diario\/wp-content\/uploads\/2023\/10\/Magic-BDN-Running-4-1024x683.jpg\" alt=\"\" class=\"wp-image-5954\" srcset=\"https:\/\/areabadalona.com\/diario\/wp-content\/uploads\/2023\/10\/Magic-BDN-Running-4-1024x683.jpg 1024w, https:\/\/areabadalona.com\/diario\/wp-content\/uploads\/2023\/10\/Magic-BDN-Running-4-300x200.jpg 300w, https:\/\/areabadalona.com\/diario\/wp-content\/uploads\/2023\/10\/Magic-BDN-Running-4-768x512.jpg 768w, https:\/\/areabadalona.com\/diario\/wp-content\/uploads\/2023\/10\/Magic-BDN-Running-4-150x100.jpg 150w, https:\/\/areabadalona.com\/diario\/wp-content\/uploads\/2023\/10\/Magic-BDN-Running-4-696x464.jpg 696w, https:\/\/areabadalona.com\/diario\/wp-content\/uploads\/2023\/10\/Magic-BDN-Running-4-1068x712.jpg 1068w, https:\/\/areabadalona.com\/diario\/wp-content\/uploads\/2023\/10\/Magic-BDN-Running-4.jpg 1200w\" sizes=\"auto, (max-width: 1024px) 100vw, 1024px\" \/><\/a><\/figure>\n<\/figure>\n\n\n\n<p><strong><u>Una cursa de r\u00e8cord<\/u><\/strong><\/p>\n\n\n\n<p>La dotzena edici\u00f3 de la M\u00e0gic BDN Running ha estat marcada pels r\u00e8cords. Comen\u00e7ant pel que ha assolit el <strong>guanyador del 5K, David Campo, que ha parat el crono en 15:03 minuts,<\/strong> 12 segons per sota del r\u00e8cord hist\u00f2ric d\u2019aquesta categoria en la cursa (marcat l\u2019any passat per&nbsp; Faissal El Meziani).<\/p>\n\n\n\n<p>Un altre r\u00e8cord ha sigut el de <strong>participaci\u00f3 femenina, que a la categoria del 5K han sigut majoria <\/strong>i que any rere any van guanyant pres\u00e8ncia en les altres categories.<\/p>\n\n\n\n<p>Tamb\u00e9 ha sigut r\u00e8cord la participaci\u00f3 a les curses infantils, amb <strong>400 nens i nenes<\/strong> corrent en tres categories diferents no competitives, fomentant aix\u00ed l\u2019esport entre els m\u00e9s petits i petites.<\/p>\n\n\n\n<p><strong><u>Guanyadors i guanyadores dels circuits<\/u><\/strong><\/p>\n\n\n\n<p><strong>Circuit 10K<\/strong><\/p>\n\n\n\n<p><strong>Classificaci\u00f3 femenina<\/strong><\/p>\n\n\n\n<p>1a: Sofia Santacreu (37:57)<\/p>\n\n\n\n<p>2a: Marta Mesalles (38:59)<\/p>\n\n\n\n<p>3a: Miriam Lopez (40:19)<\/p>\n\n\n\n<p><strong>Classificaci\u00f3 masculina<\/strong><\/p>\n\n\n\n<p>1r: Jordi Garc\u00eda (31:34)<\/p>\n\n\n\n<p>2n: Roger Riera (32:48)<\/p>\n\n\n\n<p>3r: Blai Hermoso (33:52)<\/p>\n\n\n\n<p><strong>Circuit 5K<\/strong><\/p>\n\n\n\n<p><strong>Classificaci\u00f3 femenina<\/strong><\/p>\n\n\n\n<p>1a: \u00d5nne T\u00e4ht (19:33)<\/p>\n\n\n\n<p>2a: Mamen del Castillo (20:03)<\/p>\n\n\n\n<p>3a: Sonia Rodr\u00edguez (20:13)<\/p>\n\n\n\n<p><strong>Classificaci\u00f3 masculina<\/strong><\/p>\n\n\n\n<p>1r: David Campo (15:03)<\/p>\n\n\n\n<p>2n: David Cuesta (15:13)<\/p>\n\n\n\n<p>3r: El Edrissi Reyahi (15:26)<\/p>\n","protected":false},"excerpt":{"rendered":"<p>Un total de 3.200 corredors i corredores s\u2019han donat cita aquest diumenge 29 d\u2019octubre per la 12a edici\u00f3 de la M\u00e0gic BDN Running, la cursa m\u00e9s emblem\u00e0tica i solid\u00e0ria de Badalona que any rere any ajunta milers de persones al voltant de l\u2019esport. Al llarg del mat\u00ed, els circuits de 5K, 10K i les curses [&hellip;]<\/p>\n","protected":false},"author":2,"featured_media":5958,"comment_status":"open","ping_status":"open","sticky":false,"template":"","format":"standard","meta":{"footnotes":""},"categories":[26],"tags":[],"class_list":{"0":"post-5953","1":"post","2":"type-post","3":"status-publish","4":"format-standard","5":"has-post-thumbnail","7":"category-esports"},"_links":{"self":[{"href":"https:\/\/areabadalona.com\/diario\/wp-json\/wp\/v2\/posts\/5953","targetHints":{"allow":["GET"]}}],"collection":[{"href":"https:\/\/areabadalona.com\/diario\/wp-json\/wp\/v2\/posts"}],"about":[{"href":"https:\/\/areabadalona.com\/diario\/wp-json\/wp\/v2\/types\/post"}],"author":[{"embeddable":true,"href":"https:\/\/areabadalona.com\/diario\/wp-json\/wp\/v2\/users\/2"}],"replies":[{"embeddable":true,"href":"https:\/\/areabadalona.com\/diario\/wp-json\/wp\/v2\/comments?post=5953"}],"version-history":[{"count":1,"href":"https:\/\/areabadalona.com\/diario\/wp-json\/wp\/v2\/posts\/5953\/revisions"}],"predecessor-version":[{"id":5959,"href":"https:\/\/areabadalona.com\/diario\/wp-json\/wp\/v2\/posts\/5953\/revisions\/5959"}],"wp:featuredmedia":[{"embeddable":true,"href":"https:\/\/areabadalona.com\/diario\/wp-json\/wp\/v2\/media\/5958"}],"wp:attachment":[{"href":"https:\/\/areabadalona.com\/diario\/wp-json\/wp\/v2\/media?parent=5953"}],"wp:term":[{"taxonomy":"category","embeddable":true,"href":"https:\/\/areabadalona.com\/diario\/wp-json\/wp\/v2\/categories?post=5953"},{"taxonomy":"post_tag","embeddable":true,"href":"https:\/\/areabadalona.com\/diario\/wp-json\/wp\/v2\/tags?post=5953"}],"curies":[{"name":"wp","href":"https:\/\/api.w.org\/{rel}","templated":true}]}}