{"id":5950,"date":"2023-10-28T09:11:46","date_gmt":"2023-10-28T09:11:46","guid":{"rendered":"https:\/\/areabadalona.com\/diario\/?p=5950"},"modified":"2023-10-30T09:12:40","modified_gmt":"2023-10-30T09:12:40","slug":"badalona-en-comu-celebra-la-iii-conferencia-local-i-escull-direccio","status":"publish","type":"post","link":"https:\/\/areabadalona.com\/diario\/2023\/10\/28\/badalona-en-comu-celebra-la-iii-conferencia-local-i-escull-direccio\/","title":{"rendered":"Badalona En Com\u00fa celebra la III Confer\u00e8ncia Local i escull direcci\u00f3"},"content":{"rendered":"\n<p>Aquest mat\u00ed Badalona En Com\u00fa ha celebrat la III Confer\u00e8ncia Local, que t\u00e9 lloc cada 4 anys la tardor despr\u00e9s de les eleccions municipals, amb l\u2019objectiu de renovar l\u2019estrat\u00e8gia pol\u00edtica del partit aix\u00ed com la direcci\u00f3 local.<\/p>\n\n\n\n<p>La nova direcci\u00f3 escollida avui a Badalona En Com\u00fa, anomenada Executiva Local, est\u00e0 formada per 12 membres, 7 dones i 5 homes: Fatima Alias, Daniel Alfonso, Josep Maria Caroz, N\u00faria Escud\u00e9, Maruja Garc\u00eda, Ruben Garc\u00eda, Jos\u00e9 G\u00f3mez, Miriam Hierro, Rafa Lamuedra, A\u00efda Llaurd\u00f3, Yolanda Navarro i Carme Piqueras. Daniel Alfonso i A\u00efda Llaurad\u00f3 han estat reelegits com a coordinador\/a local pels propers dos anys al capdavant de Badalona En Com\u00fa, despr\u00e9s d\u2019haver-ho estat tamb\u00e9 en els darrers 4 anys. Abans de la votaci\u00f3 en assemblea, on ha sortit escollida la nova Executiva per unanimitat, s\u2019ha fet un minut de silenci per recordar el company desaparegut recentment i membre de l\u2019Executiva sortint, Paco Obon.<\/p>\n\n\n\n<p>La nova coordinaci\u00f3 local ha destacat la necessitat de defensar el b\u00e9 com\u00fa, les necessitats i reivindicacions ciutadanes, especialment a trav\u00e9s de la tasca d\u2019entitats i moviments socials. Han defensat l\u2019entesa de les esquerres per marcar l\u2019agenda pol\u00edtica a favor de les persones que m\u00e9s ho necessiten, per combatre les desigualtats socials, la lluita contra el canvi clim\u00e0tic i la just\u00edcia de g\u00e8nere, aix\u00ed com respondre a les necessitats dels barris de la ciutat, enfront a l\u2019agenda pol\u00edtica del PP, centrada en boicotejar les Zones de Baixes Emissions, ocupar l\u2019agenda medi\u00e0tica amb arbres de Nadal gegants, i fer altres titulars medi\u00e0tics com a cortina de fum dels problemes end\u00e8mics a la ciutat. Per aix\u00f2, tamb\u00e9 han fet una crida a tots els partits d\u2019esquerres per unir-se a reclamar a les institucions supramunicipals els recursos necessaris en transport p\u00fablic, infraestructures i serveis per a les persones. En aquest sentit, han agra\u00eft a la coordinadora Nacional de Catalunya en Com\u00fa, Jessica Albiach, la seva participaci\u00f3 a la III Confer\u00e8ncia Local, i la seva implicaci\u00f3 amb la ciutat, sense anar m\u00e9s lluny, presentant recentment la proposta per la transformaci\u00f3 de l\u2019autopista C-31.<\/p>\n\n\n\n<p>Segons la coordinadora A\u00efda Llaurad\u00f3, \u201c<strong><em>Tenim el repte de defensar millores pel b\u00e9 com\u00fa comptant amb totes les forces progressistes i societat civil davant una majoria pol\u00edtica conservadora que intentar\u00e0 desviar l\u2019atenci\u00f3 amb cortines de fum. Badalona En Com\u00fa som la garantia per fer una pol\u00edtica centrada en les necessitats de la ciutadania i els barris de la ciutat, escoltant les entitats, la gent, i fent propostes que millorin la qualitat de vida al municipi<\/em><\/strong>\u201d.<\/p>\n\n\n\n<p>A l\u2019inici de la clausura de la Confer\u00e8ncia, s\u2019ha fet un minut de silenci per a totes les v\u00edctimes del conflicte entre Israel i Palestina, i per denunciar el genocidi que el govern d\u2019extrema dreta d\u2019Israel est\u00e0 perpetrant contra tot el poble palest\u00ed.<\/p>\n\n\n\n<p>A l\u2019acte de clausura han estat convidats els partits progressistes amb representaci\u00f3 a la ciutat: PSC, ERC i Guanyem, Podem com a s\u00f2cies de coalici\u00f3, i les entitats m\u00e9s representatives de Badalona com la FAVB, CCOO, UGT i FAMPAS.<\/p>\n","protected":false},"excerpt":{"rendered":"<p>Aquest mat\u00ed Badalona En Com\u00fa ha celebrat la III Confer\u00e8ncia Local, que t\u00e9 lloc cada 4 anys la tardor despr\u00e9s de les eleccions municipals, amb l\u2019objectiu de renovar l\u2019estrat\u00e8gia pol\u00edtica del partit aix\u00ed com la direcci\u00f3 local. La nova direcci\u00f3 escollida avui a Badalona En Com\u00fa, anomenada Executiva Local, est\u00e0 formada per 12 membres, 7 [&hellip;]<\/p>\n","protected":false},"author":2,"featured_media":5951,"comment_status":"open","ping_status":"open","sticky":false,"template":"","format":"standard","meta":{"footnotes":""},"categories":[23],"tags":[],"class_list":{"0":"post-5950","1":"post","2":"type-post","3":"status-publish","4":"format-standard","5":"has-post-thumbnail","7":"category-actualitat"},"_links":{"self":[{"href":"https:\/\/areabadalona.com\/diario\/wp-json\/wp\/v2\/posts\/5950","targetHints":{"allow":["GET"]}}],"collection":[{"href":"https:\/\/areabadalona.com\/diario\/wp-json\/wp\/v2\/posts"}],"about":[{"href":"https:\/\/areabadalona.com\/diario\/wp-json\/wp\/v2\/types\/post"}],"author":[{"embeddable":true,"href":"https:\/\/areabadalona.com\/diario\/wp-json\/wp\/v2\/users\/2"}],"replies":[{"embeddable":true,"href":"https:\/\/areabadalona.com\/diario\/wp-json\/wp\/v2\/comments?post=5950"}],"version-history":[{"count":1,"href":"https:\/\/areabadalona.com\/diario\/wp-json\/wp\/v2\/posts\/5950\/revisions"}],"predecessor-version":[{"id":5952,"href":"https:\/\/areabadalona.com\/diario\/wp-json\/wp\/v2\/posts\/5950\/revisions\/5952"}],"wp:featuredmedia":[{"embeddable":true,"href":"https:\/\/areabadalona.com\/diario\/wp-json\/wp\/v2\/media\/5951"}],"wp:attachment":[{"href":"https:\/\/areabadalona.com\/diario\/wp-json\/wp\/v2\/media?parent=5950"}],"wp:term":[{"taxonomy":"category","embeddable":true,"href":"https:\/\/areabadalona.com\/diario\/wp-json\/wp\/v2\/categories?post=5950"},{"taxonomy":"post_tag","embeddable":true,"href":"https:\/\/areabadalona.com\/diario\/wp-json\/wp\/v2\/tags?post=5950"}],"curies":[{"name":"wp","href":"https:\/\/api.w.org\/{rel}","templated":true}]}}