{"id":5947,"date":"2023-10-30T09:10:27","date_gmt":"2023-10-30T09:10:27","guid":{"rendered":"https:\/\/areabadalona.com\/diario\/?p=5947"},"modified":"2023-10-30T09:10:27","modified_gmt":"2023-10-30T09:10:27","slug":"el-curt-espanyol-lava-guanya-el-premi-a-la-millor-pel%c2%b7licula-de-la-49a-edicio-del-filmets-badalona-film-festival","status":"publish","type":"post","link":"https:\/\/areabadalona.com\/diario\/2023\/10\/30\/el-curt-espanyol-lava-guanya-el-premi-a-la-millor-pel%c2%b7licula-de-la-49a-edicio-del-filmets-badalona-film-festival\/","title":{"rendered":"El curt espanyol \u2018Lava\u2019 guanya el Premi a la millor pel\u00b7l\u00edcula de la 49a edici\u00f3 del FILMETS Badalona Film Festival"},"content":{"rendered":"\n<p><strong>LAVA\u2019<\/strong>, una producci\u00f3 espanyola de 18 minuts i del g\u00e8nere de ficci\u00f3, ha guanyat el Premi a la Millor Pel\u00b7l\u00edcula de la 49a edici\u00f3 de FILMETS Badalona Film Festival. Es tracta d\u2019un curt escrit i dirigit per Carmen Jim\u00e9nez<\/p>\n\n\n\n<p><strong>El productor del curtmetratge \u2018LAVA\u2019, Eduardo Mu\u00f1oz, recollir\u00e0 la Venus a la Millor Pel\u00b7l\u00edcula aquest dissabte 28 d\u2019octubre, al Teatre Zorrilla, en el decurs de la sessi\u00f3 Palmar\u00e8s, que \u00e9s on es projecten els curts que han obtingut premi.<\/strong><\/p>\n\n\n\n<p>L\u2019argument de \u2018<strong>LAVA\u2019<\/strong> explica que despr\u00e9s de la separaci\u00f3 dels seus pares, la Berta va amb la seva mare i la seva germana a passar uns dies d\u2019estiu a la casa de camp de la seva \u00e0via. Durant l\u2019hora de la migdiada, mentre els adults dormen, el seu cos\u00ed Jorge s\u2019ofereix per a ensenyar-li a muntar en bicicleta.<\/p>\n\n\n\n<p>Amb una subtil gradaci\u00f3 narrativa, se\u2019ns condueix des d\u2019una pretesament relaxada trobada familiar estiuenca, amb sobretaules, migdiades i lli\u00e7ons de muntar en bicicleta, a una tan delicada com neguitosa el\u00b7lipsi que ens fa percebre, sense mostrar-nos-ho , un viratge inquietant en l\u2019aparentment innocent passejada campestre d\u2019un adolescent de quinze anys i la seva cosineta de set.<\/p>\n\n\n\n<p><strong>Una hist\u00f2ria d\u2019abusos sexuals intrafamiliars<\/strong><\/p>\n\n\n\n<p><a><\/a>Acompanyada per un repartiment coral espl\u00e8ndid, on destaquen una tensa Silvia Acosta, la veterana Adelfa Calvo i el joven\u00edssim Julio Bohigas-Couto, la nena Alicia Hidalgo \u00e9s tota una revelaci\u00f3 en el paper de Berta, la protagonista d\u2019aquesta pertorbadora hist\u00f2ria d\u2019abusos sexuals dom\u00e8stics a l\u2019aire lliure i a plena llum del dia, sota una claror canicular, nom\u00e9s tamisada pel frond\u00f3s fullatge d\u2019una figuera on s\u2019amaga el secret i es refugia la vergonya.<\/p>\n\n\n\n<p><strong>Carmen Jim\u00e9nez, una directora guardonada en diverses ocasions<\/strong><\/p>\n\n\n\n<p>Carmen Jim\u00e9nez \u00e9s una guionista y directora formada a la Columbia University. Col\u00b7labora regularment amb Los Javis, Paco Cabezas o Benito Zambrano en el desenvolupament de projectes de cinema i televisi\u00f3. Els seus curts han recorregut nombrosos festivals i ha estat premiada pel Sindicat de Directors dels Estats Units.<\/p>\n\n\n\n<p>Amb \u2018<strong>LAVA\u2019<\/strong>, a banda de figurar entre els candidats als Goya o als Forqu\u00e9, o de la seva selecci\u00f3 per a festivals com M\u00e1laga, Huesca o Guadalajara (M\u00e8xic), ha obtingut recentment el premi a la millor direcci\u00f3 als Fugaz i tamb\u00e9 a la darrera edici\u00f3 de la Semana de Cine de Medina del Campo, o el premi del jurat al XXI Avil\u00e9s Acci\u00f3n Film Festival. La Venus a la Millor Pel\u00b7l\u00edcula de FILMETS referma el seu prometedor recorregut, iniciat fa uns pocs mesos.<\/p>\n\n\n\n<p><strong>PALMAR\u00c8S 2023<\/strong><\/p>\n\n\n\n<p><strong>VEREDICTE DEL JURAT de la 49a edici\u00f3 del FILMETS Badalona Film Festival<\/strong><\/p>\n\n\n\n<ul class=\"wp-block-list\">\n<li>Venus de Badalona i 5.000 euros \u2013 Premi a la millor pel\u00b7l\u00edcula<\/li>\n<\/ul>\n\n\n\n<p><strong>LAVA<\/strong>, dirigida per Carmen Jim\u00e9nez (Espanya)<\/p>\n\n\n\n<ul class=\"wp-block-list\">\n<li>Venus de Badalona i 1.000 euros \u2013 Premi especial del jurat<\/li>\n<\/ul>\n\n\n\n<p><strong>\u00c9CORCH\u00c9E<\/strong>, de Joachim H\u00e9riss\u00e9 (Fran\u00e7a)<\/p>\n\n\n\n<ul class=\"wp-block-list\">\n<li>Venus de Badalona i 700 euros \u2013 Premi del P\u00fablic &#8211; La Vanguardia<\/li>\n<\/ul>\n\n\n\n<p><strong>BYE BYE BOY<\/strong>, d\u2019I\u00f1aki Mur (Catalunya)<\/p>\n\n\n\n<ul class=\"wp-block-list\">\n<li>Venus de Badalona i 1.800 euros \u2013 Premi Productor\/e Emergent \u2013 PAC<\/li>\n<\/ul>\n\n\n\n<p><strong>DE NIT<\/strong>, d\u2019Ona Jan\u00e9 Mill\u00e0 (Catalunya)<\/p>\n\n\n\n<p>Menci\u00f3 especial del jurat del Premi PAC per a <strong>NIUADA<\/strong>, de Val\u00e8ria Cun\u00ed, (Catalunya)<\/p>\n\n\n\n<ul class=\"wp-block-list\">\n<li>Venus de Badalona i 400 euros \u2013 Premi a la Millor pel\u00b7l\u00edcula d\u2019animaci\u00f3<\/li>\n<\/ul>\n\n\n\n<p><strong>LOOP<\/strong>, de Pablo Polledri (Espanya-Argentina)<\/p>\n\n\n\n<ul class=\"wp-block-list\">\n<li>Venus de Badalona i 400 euros \u2013 Premi a la Millor producci\u00f3 documental<\/li>\n<\/ul>\n\n\n\n<p><strong>LITURGY OF ANTI-TANK OBSTACLES<\/strong>, de Dmytro Sukholykyy-Sobchuk (Ucra\u00efna \u2013 Estats Units d\u2019Am\u00e8rica)<\/p>\n\n\n\n<ul class=\"wp-block-list\">\n<li>Venus de Badalona i 400 euros \u2013 Premi a la Millor producci\u00f3 de Badalona<\/li>\n<\/ul>\n\n\n\n<p><strong>ONE MORE DAY<\/strong>, de Queralt Salichs Massuet (Catalunya)<\/p>\n\n\n\n<ul class=\"wp-block-list\">\n<li>Venus de Badalona i 400 euros \u2013 Premi a la Millor producci\u00f3 de Catalunya<\/li>\n<\/ul>\n\n\n\n<p><strong>PARIS 70<\/strong>, de Dani Freixes Roca, (Catalunya)<\/p>\n\n\n\n<ul class=\"wp-block-list\">\n<li>Venus de Badalona i 400 euros &#8211; Premi a la Millor producci\u00f3 d\u2019Espanya<\/li>\n<\/ul>\n\n\n\n<p><strong>NIUADA<\/strong> de Val\u00e8ria Cun\u00ed (Catalunya)<\/p>\n\n\n\n<ul class=\"wp-block-list\">\n<li>Venus de Badalona i 400 euros \u2013 Premi a la Millor direcci\u00f3<\/li>\n<\/ul>\n\n\n\n<p><strong>ADJUSTMENT<\/strong>, dirigida per Mehrdad Hasani (Iran)<\/p>\n\n\n\n<ul class=\"wp-block-list\">\n<li>Venus de Badalona i 400 euros \u2013 Premi al millor gui\u00f3<\/li>\n<\/ul>\n\n\n\n<p><strong>FAIRPLAY<\/strong>, de Zoel Aeschbacher (Su\u00efssa-Fran\u00e7a)<\/p>\n\n\n\n<ul class=\"wp-block-list\">\n<li>Venus de Badalona \u2013 Premi a la millor interpretaci\u00f3<\/li>\n<\/ul>\n\n\n\n<p><strong>MIRIAM GARLO<\/strong>, de la pel\u00b7l\u00edcula Sorda<\/p>\n\n\n\n<ul class=\"wp-block-list\">\n<li>Venus de Badalona &#8211; Premi a la millor m\u00fasica original<\/li>\n<\/ul>\n\n\n\n<p><strong>KAFKA\u2019S DOLL<\/strong>, d\u2019Aur\u00e9lien Vieira Lino<\/p>\n\n\n\n<p>El Jurat Internacional de FILMETS 2021 tamb\u00e9 ha atorgat una menci\u00f3 especial, atenent a la qualitat del curt.<\/p>\n\n\n\n<ul class=\"wp-block-list\">\n<li>Menci\u00f3 especial a la pel\u00b7l\u00edcula <strong>MURDER TONGUE<\/strong>, d\u2019Ali Sohail Jaura (Pakistan)<\/li>\n<\/ul>\n","protected":false},"excerpt":{"rendered":"<p>LAVA\u2019, una producci\u00f3 espanyola de 18 minuts i del g\u00e8nere de ficci\u00f3, ha guanyat el Premi a la Millor Pel\u00b7l\u00edcula de la 49a edici\u00f3 de FILMETS Badalona Film Festival. Es tracta d\u2019un curt escrit i dirigit per Carmen Jim\u00e9nez El productor del curtmetratge \u2018LAVA\u2019, Eduardo Mu\u00f1oz, recollir\u00e0 la Venus a la Millor Pel\u00b7l\u00edcula aquest dissabte [&hellip;]<\/p>\n","protected":false},"author":2,"featured_media":5948,"comment_status":"open","ping_status":"open","sticky":false,"template":"","format":"standard","meta":{"footnotes":""},"categories":[25],"tags":[],"class_list":{"0":"post-5947","1":"post","2":"type-post","3":"status-publish","4":"format-standard","5":"has-post-thumbnail","7":"category-cultura"},"_links":{"self":[{"href":"https:\/\/areabadalona.com\/diario\/wp-json\/wp\/v2\/posts\/5947","targetHints":{"allow":["GET"]}}],"collection":[{"href":"https:\/\/areabadalona.com\/diario\/wp-json\/wp\/v2\/posts"}],"about":[{"href":"https:\/\/areabadalona.com\/diario\/wp-json\/wp\/v2\/types\/post"}],"author":[{"embeddable":true,"href":"https:\/\/areabadalona.com\/diario\/wp-json\/wp\/v2\/users\/2"}],"replies":[{"embeddable":true,"href":"https:\/\/areabadalona.com\/diario\/wp-json\/wp\/v2\/comments?post=5947"}],"version-history":[{"count":1,"href":"https:\/\/areabadalona.com\/diario\/wp-json\/wp\/v2\/posts\/5947\/revisions"}],"predecessor-version":[{"id":5949,"href":"https:\/\/areabadalona.com\/diario\/wp-json\/wp\/v2\/posts\/5947\/revisions\/5949"}],"wp:featuredmedia":[{"embeddable":true,"href":"https:\/\/areabadalona.com\/diario\/wp-json\/wp\/v2\/media\/5948"}],"wp:attachment":[{"href":"https:\/\/areabadalona.com\/diario\/wp-json\/wp\/v2\/media?parent=5947"}],"wp:term":[{"taxonomy":"category","embeddable":true,"href":"https:\/\/areabadalona.com\/diario\/wp-json\/wp\/v2\/categories?post=5947"},{"taxonomy":"post_tag","embeddable":true,"href":"https:\/\/areabadalona.com\/diario\/wp-json\/wp\/v2\/tags?post=5947"}],"curies":[{"name":"wp","href":"https:\/\/api.w.org\/{rel}","templated":true}]}}