{"id":5944,"date":"2023-10-27T11:51:02","date_gmt":"2023-10-27T11:51:02","guid":{"rendered":"https:\/\/areabadalona.com\/diario\/?p=5944"},"modified":"2023-10-27T11:51:03","modified_gmt":"2023-10-27T11:51:03","slug":"fernando-carrera-treguin-les-mans-de-les-butxaques-dels-badalonins-i-badalonines","status":"publish","type":"post","link":"https:\/\/areabadalona.com\/diario\/2023\/10\/27\/fernando-carrera-treguin-les-mans-de-les-butxaques-dels-badalonins-i-badalonines\/","title":{"rendered":"Fernando Carrera: \u00abTreguin les mans de les butxaques dels badalonins i badalonines\u00bb"},"content":{"rendered":"\n<p>El president del grup municipal del PSC, Fernando Carrera, ha entregat aquest divendres, durant el ple extraordinari d&#8217;aprovaci\u00f3 de taxes i impostos, un xec superior als 8 milions d&#8217;euros que es podria fer efectiu avui mateix i que \u00e9s en benefici dels ve\u00efns i ve\u00efnes de Badalona. Carrera ha justificat l&#8217;entrega d&#8217;aquest xec a l&#8217;alcalde, Xavier Garcia Albiol, perqu\u00e8 pret\u00e9n aprovar una taxa de residus que far\u00e0 que les fam\u00edlies de Badalona hagin de pagar cada any 108 euros m\u00e9s, sigui quina sigui la seva situaci\u00f3 econ\u00f2mica. \u00ab<em>A l&#8217;alcalde sembla que li preocupava molt la situaci\u00f3 econ\u00f2mica dels ve\u00efns per la Zona de Baixa Emissions, per\u00f2 ara els seus diners li venen la mar de b\u00e9. Imagino que per pagar les llums de Nadal o l&#8217;arbre m\u00e9s gran de la gal\u00e0xia.<\/em>\u00ab<\/p>\n\n\n\n<p>Carrera ha recordat que la taxa de residus \u00e9s una transposici\u00f3 europea. A m\u00e9s, els ajuntaments no estan obligats a aplicar-la la fins a l&#8217;any 2025, cosa que el Partit Popular de Badalona far\u00e0 l&#8217;any que ve, 2024. D&#8217;altra banda, el PSC ha lamentat que el govern del PP no ha tingut cap mena de consideraci\u00f3 per l&#8217;oposici\u00f3 perqu\u00e8 no s&#8217;ha tingut cap reuni\u00f3 pr\u00e8via per con\u00e8ixer els canvis i pujades d&#8217;impostos i tampoc ha redactat cap nota de premsa sobre el tema.<\/p>\n","protected":false},"excerpt":{"rendered":"<p>El president del grup municipal del PSC, Fernando Carrera, ha entregat aquest divendres, durant el ple extraordinari d&#8217;aprovaci\u00f3 de taxes i impostos, un xec superior als 8 milions d&#8217;euros que es podria fer efectiu avui mateix i que \u00e9s en benefici dels ve\u00efns i ve\u00efnes de Badalona. Carrera ha justificat l&#8217;entrega d&#8217;aquest xec a l&#8217;alcalde, [&hellip;]<\/p>\n","protected":false},"author":2,"featured_media":5945,"comment_status":"open","ping_status":"open","sticky":false,"template":"","format":"standard","meta":{"footnotes":""},"categories":[23],"tags":[],"class_list":{"0":"post-5944","1":"post","2":"type-post","3":"status-publish","4":"format-standard","5":"has-post-thumbnail","7":"category-actualitat"},"_links":{"self":[{"href":"https:\/\/areabadalona.com\/diario\/wp-json\/wp\/v2\/posts\/5944","targetHints":{"allow":["GET"]}}],"collection":[{"href":"https:\/\/areabadalona.com\/diario\/wp-json\/wp\/v2\/posts"}],"about":[{"href":"https:\/\/areabadalona.com\/diario\/wp-json\/wp\/v2\/types\/post"}],"author":[{"embeddable":true,"href":"https:\/\/areabadalona.com\/diario\/wp-json\/wp\/v2\/users\/2"}],"replies":[{"embeddable":true,"href":"https:\/\/areabadalona.com\/diario\/wp-json\/wp\/v2\/comments?post=5944"}],"version-history":[{"count":1,"href":"https:\/\/areabadalona.com\/diario\/wp-json\/wp\/v2\/posts\/5944\/revisions"}],"predecessor-version":[{"id":5946,"href":"https:\/\/areabadalona.com\/diario\/wp-json\/wp\/v2\/posts\/5944\/revisions\/5946"}],"wp:featuredmedia":[{"embeddable":true,"href":"https:\/\/areabadalona.com\/diario\/wp-json\/wp\/v2\/media\/5945"}],"wp:attachment":[{"href":"https:\/\/areabadalona.com\/diario\/wp-json\/wp\/v2\/media?parent=5944"}],"wp:term":[{"taxonomy":"category","embeddable":true,"href":"https:\/\/areabadalona.com\/diario\/wp-json\/wp\/v2\/categories?post=5944"},{"taxonomy":"post_tag","embeddable":true,"href":"https:\/\/areabadalona.com\/diario\/wp-json\/wp\/v2\/tags?post=5944"}],"curies":[{"name":"wp","href":"https:\/\/api.w.org\/{rel}","templated":true}]}}