{"id":5941,"date":"2023-10-27T08:29:27","date_gmt":"2023-10-27T08:29:27","guid":{"rendered":"https:\/\/areabadalona.com\/diario\/?p=5941"},"modified":"2023-10-27T08:29:27","modified_gmt":"2023-10-27T08:29:27","slug":"dijous-2-de-novembre-sobre-el-termini-de-presentacio-de-sol%c2%b7licituds-per-als-infants-que-vulguin-participar-en-la-cavalcada-de-reis-anant-a-dalt-de-les-carrosses","status":"publish","type":"post","link":"https:\/\/areabadalona.com\/diario\/2023\/10\/27\/dijous-2-de-novembre-sobre-el-termini-de-presentacio-de-sol%c2%b7licituds-per-als-infants-que-vulguin-participar-en-la-cavalcada-de-reis-anant-a-dalt-de-les-carrosses\/","title":{"rendered":"Dijous 2 de novembre s\u2019obre el termini de presentaci\u00f3 de sol\u00b7licituds per als infants que vulguin participar en la Cavalcada de Reis anant a dalt de les carrosses\u00a0"},"content":{"rendered":"\n<p>El dijous 2 de novembre, a les 8.30 hores, s\u2019obre el termini de presentaci\u00f3 de sol\u00b7licituds per a tots aquells infants que vulguin participar en la Cavalcada de Reis 2024 de Badalona i que aniran a dalt de les carrosses. El dimecres 22 de novembre es far\u00e0 un sorteig p\u00fablic on sortiran escollits els nens i nenes que hi podran participar.&nbsp;<\/p>\n\n\n\n<p>En aquest sorteig poden participar-hi tots els infants de Badalona que el dia 5 de gener de 2024 tinguin entre 9 i 14 anys i d\u2019on en sortiran dos grups:&nbsp;<\/p>\n\n\n\n<p>\u00b7 12 infants de 9 i 11 anys, que aniran a dalt de les Carrosses dels Reis&nbsp;<\/p>\n\n\n\n<p>\u00b7 26 infants de 12 a 14 anys, que aniran a dalt de les Carrosses Dolces&nbsp;<\/p>\n\n\n\n<p>Per presentar la sol\u00b7licitud cal emplenar el formulari que hi haur\u00e0 a l\u2019apartat de tr\u00e0mits del portal web <a href=\"http:\/\/www.badalona.cat\">www.badalona.cat<\/a>, dimecres 2 de novembre, a partir de les 9.30 hores, fins dijous 16 de novembre a les 13.30 hores. Tamb\u00e9 es pot fer la petici\u00f3 de forma presencial demanant cita pr\u00e8via al Departament d\u2019Atenci\u00f3 al Ciutad\u00e0.&nbsp;<\/p>\n\n\n\n<p>El divendres 17 de novembre es publicar\u00e0 al web de l\u2019Ajuntament dues llistes definitives dels infants que han omplert correctament la sol\u00b7licitud, i se\u2019ls hi assignar\u00e0 un n\u00famero correlatiu segons l\u2019ordre d\u2019entrada de la sol\u00b7licitud. Aquest n\u00famero \u00e9s el que servir\u00e0 el dia del sorteig per escollir els infants guanyadors.&nbsp;<\/p>\n\n\n\n<p>\u00b7 Una llista contindr\u00e0 els infants de 9 i 11 anys i que, per tant, opten al sorteig per anar a dalt de les carrosses dels tres Reis.&nbsp;<\/p>\n\n\n\n<p>\u00b7 L\u2019altra llista contindr\u00e0 els infants de 12 a 14 anys i que, per tant, opten al sorteig per anar a dalt de les Carrosses Dolces.&nbsp;<\/p>\n\n\n\n<p><strong>Sorteig p\u00fablic el 22 de novembre&nbsp;<\/strong><\/p>\n\n\n\n<p>El dimecres 22 de novembre, a les 17.30 hores, a la sala de premsa de l\u2019edifici municipal El Viver (pla\u00e7a de l\u2019Assemblea de Catalunya, 9-12), es far\u00e0 el sorteig p\u00fablic davant del secretari de l\u2019Ajuntament o persona en qui aquest delegui. S\u2019escollir\u00e0 a m\u00e9s un altre n\u00famero de la llista que servir\u00e0 de tall per poder disposar dels suplents que siguin necessaris. L\u2019entrada a aquest acte ser\u00e0 lliure. La llista del sorteig es publicar\u00e0 el dijous 23 de novembre.&nbsp;<\/p>\n\n\n\n<p>Consulteu les instruccions d\u2019aquest sorteig a <a href=\"http:\/\/www.badalona.cat\">www.badalona.cat<\/a>.&nbsp;<\/p>\n","protected":false},"excerpt":{"rendered":"<p>El dijous 2 de novembre, a les 8.30 hores, s\u2019obre el termini de presentaci\u00f3 de sol\u00b7licituds per a tots aquells infants que vulguin participar en la Cavalcada de Reis 2024 de Badalona i que aniran a dalt de les carrosses. El dimecres 22 de novembre es far\u00e0 un sorteig p\u00fablic on sortiran escollits els nens [&hellip;]<\/p>\n","protected":false},"author":2,"featured_media":5942,"comment_status":"open","ping_status":"open","sticky":false,"template":"","format":"standard","meta":{"footnotes":""},"categories":[23],"tags":[],"class_list":{"0":"post-5941","1":"post","2":"type-post","3":"status-publish","4":"format-standard","5":"has-post-thumbnail","7":"category-actualitat"},"_links":{"self":[{"href":"https:\/\/areabadalona.com\/diario\/wp-json\/wp\/v2\/posts\/5941","targetHints":{"allow":["GET"]}}],"collection":[{"href":"https:\/\/areabadalona.com\/diario\/wp-json\/wp\/v2\/posts"}],"about":[{"href":"https:\/\/areabadalona.com\/diario\/wp-json\/wp\/v2\/types\/post"}],"author":[{"embeddable":true,"href":"https:\/\/areabadalona.com\/diario\/wp-json\/wp\/v2\/users\/2"}],"replies":[{"embeddable":true,"href":"https:\/\/areabadalona.com\/diario\/wp-json\/wp\/v2\/comments?post=5941"}],"version-history":[{"count":1,"href":"https:\/\/areabadalona.com\/diario\/wp-json\/wp\/v2\/posts\/5941\/revisions"}],"predecessor-version":[{"id":5943,"href":"https:\/\/areabadalona.com\/diario\/wp-json\/wp\/v2\/posts\/5941\/revisions\/5943"}],"wp:featuredmedia":[{"embeddable":true,"href":"https:\/\/areabadalona.com\/diario\/wp-json\/wp\/v2\/media\/5942"}],"wp:attachment":[{"href":"https:\/\/areabadalona.com\/diario\/wp-json\/wp\/v2\/media?parent=5941"}],"wp:term":[{"taxonomy":"category","embeddable":true,"href":"https:\/\/areabadalona.com\/diario\/wp-json\/wp\/v2\/categories?post=5941"},{"taxonomy":"post_tag","embeddable":true,"href":"https:\/\/areabadalona.com\/diario\/wp-json\/wp\/v2\/tags?post=5941"}],"curies":[{"name":"wp","href":"https:\/\/api.w.org\/{rel}","templated":true}]}}