{"id":5938,"date":"2023-10-27T08:22:37","date_gmt":"2023-10-27T08:22:37","guid":{"rendered":"https:\/\/areabadalona.com\/diario\/?p=5938"},"modified":"2023-10-27T08:22:37","modified_gmt":"2023-10-27T08:22:37","slug":"lajuntament-de-badalona-suspendra-en-el-ple-daquest-dimarts-31-doctubre-lordenanca-de-la-zbe-que-afecta-mes-de-40-000-automobils-de-la-ciutat","status":"publish","type":"post","link":"https:\/\/areabadalona.com\/diario\/2023\/10\/27\/lajuntament-de-badalona-suspendra-en-el-ple-daquest-dimarts-31-doctubre-lordenanca-de-la-zbe-que-afecta-mes-de-40-000-automobils-de-la-ciutat\/","title":{"rendered":"L\u2019Ajuntament de Badalona suspendr\u00e0 en el ple d\u2019aquest dimarts 31 d\u2019octubre l&#8217;ordenan\u00e7a de la ZBE que afecta m\u00e9s de 40.000 autom\u00f2bils de la ciutat\u00a0"},"content":{"rendered":"\n<p>L\u2019Ajuntament de Badalona aprovar\u00e0 en la sessi\u00f3 ordin\u00e0ria del Ple del pr\u00f2xim dimarts 31 d&#8217;octubre la suspensi\u00f3 de l&#8217;actual ordenan\u00e7a municipal sobre la Zona de Baixes Emissions que a partir de l&#8217;any 2024 afectava a 41.281 autom\u00f2bils de la ciutat. Concretament, a partir del pr\u00f2xim 1 de gener, 16.160 cotxes de la ciutat sense etiqueta tindrien prohibida la circulaci\u00f3, i 25.121 m\u00e9s, els d&#8217;etiqueta B, no podrien circular durant els episodis de gran contaminaci\u00f3. &nbsp;<\/p>\n\n\n\n<p>L&#8217;alcalde de Badalona, Xavier Garcia Albiol ha avan\u00e7at aquesta mesura en una roda de premsa celebrada aquest dijous a la tarda en la qual tamb\u00e9 ha participat el tinent d\u2019alcaldia de l\u2019\u00c0mbit de Territori i Sostenibilitat, Daniel Gracia, i el regidor de Via P\u00fablica, David Mej\u00eda. L&#8217;alcalde ha explicat que, inicialment, la voluntat del Govern de Badalona era aprovar una morat\u00f2ria de tres anys, fins al 2027, en l\u2019aplicaci\u00f3 del r\u00e8gim sancionador de l&#8217;ordenan\u00e7a de la ZBE vigent. Tanmateix, a l&#8217;hora de tramitar la modificaci\u00f3 per portar-la a l\u2019aprovaci\u00f3 del Ple, Garcia Albiol ha indicat que \u00abvam descobrir que la Zona de Baixes Emissions aprovada el passat gener per l&#8217;anterior Govern municipal no disposa de diversos informes obligatoris, com les mem\u00f2ries econ\u00f2miques, que indiquen com afecta l&#8217;aplicaci\u00f3 de la mesura als ve\u00efns, aut\u00f2noms i empreses, ni tampoc la mem\u00f2ria de social, ni la mem\u00f2ria mediambiental, que \u00e9s on s&#8217;ha d&#8217;establir l&#8217;extensi\u00f3 de la ZBE i les possibles exempcions per motius laborals o pel nivell de renda\u00bb.&nbsp;<\/p>\n\n\n\n<p>L&#8217;alcalde de Badalona ha explicat que el Govern municipal, en veure que l&#8217;ordenan\u00e7a no disposava dels informes preceptius necessaris, va prendre la decisi\u00f3 de suspendre-la mitjan\u00e7ant una Disposici\u00f3 que contempla l&#8217;ordenan\u00e7a vigent i encarregar la redacci\u00f3 d\u2019una nova proposta perqu\u00e8 l&#8217;ordenan\u00e7a estigui ben feta i no pugui ser impugnada als tribunals. \u00abAmb l&#8217;actual ordenan\u00e7a les multes serien nul\u00b7les de ple dret, i ens veur\u00edem abocats a la mateixa situaci\u00f3 que viuen a Barcelona, on el TSCJ va anul\u00b7lar l&#8217;ordenan\u00e7a impulsada per l&#8217;alcaldessa Colau\u00bb, ha destacat Xavier Garcia Albiol. &nbsp;<\/p>\n\n\n\n<p>El Govern municipal ja ha demanat a l\u2019\u00c0rea Metropolitana de Barcelona la redacci\u00f3 d\u2019una nova ordenan\u00e7a que compleixi tots els preceptes legals amb la voluntat d\u2019aprovar-la tan aviat com estigui preparada. En l\u2019enc\u00e0rrec, l\u2019Ajuntament ha requerit a l\u2019AMB que es redimensioni i determini amb claredat l&#8217;extensi\u00f3 de la Zona de Baixes Emissions a la ciutat i la possible aplicaci\u00f3 gradual d\u2019aquesta; que es tinguin en compte i s\u2019apliquin totes les exempcions possibles per motius socials, laborals i econ\u00f2mics; i que s\u2019estableixi la suspensi\u00f3 de l&#8217;aplicaci\u00f3 del r\u00e8gim sancionador de l\u2019ordenan\u00e7a fins a l\u2019any 2027, fet que comportaria que, fins a l\u20191 de gener d\u2019aquell any, els ve\u00efns rebessin notificacions en els seus domicilis, per\u00f2 no multes econ\u00f2miques. Aquesta nova ordenan\u00e7a, juntament amb una difusi\u00f3 adequada del seu contingut, permetria a la ciutadania con\u00e8ixer b\u00e9 l\u2019aplicaci\u00f3 de la ZBE i adaptar-se gradualment els canvis necessaris. &nbsp;<\/p>\n\n\n\n<p>Xavier Garcia Albiol ha volgut remarcar que \u00abel Govern de Badalona est\u00e0 comprom\u00e8s amb l&#8217;aplicaci\u00f3 de mesures per a la millora de la qualitat de l\u2019aire i la reducci\u00f3 de la contaminaci\u00f3, per\u00f2 tamb\u00e9 t\u00e9 clar que abans de demanar aquests esfor\u00e7os als ciutadans, hem d&#8217;ajudar-los amb mesures efectives des de les administracions\u00bb. \u00abNo estem disposats a obligar a gran part dels ve\u00efns de Badalona a gastar-se una gran xifra de diners, i m\u00e9s un context de crisi com l&#8217;actual, quan disposen d&#8217;un vehicle en bon estat\u00bb ha assegurat l&#8217;alcalde de Badalona, qui ha volgut destacar tamb\u00e9 que \u00abl&#8217;actual extensi\u00f3 de la ZBE cobreix pr\u00e0cticament tota la ciutat i \u00e9s un disbarat que fem de sobte aquesta exig\u00e8ncia a la poblaci\u00f3 quan des de l&#8217;Ajuntament no se&#8217;ls hi ha explicat res del seu funcionament\u00bb.&nbsp; &nbsp;<\/p>\n","protected":false},"excerpt":{"rendered":"<p>L\u2019Ajuntament de Badalona aprovar\u00e0 en la sessi\u00f3 ordin\u00e0ria del Ple del pr\u00f2xim dimarts 31 d&#8217;octubre la suspensi\u00f3 de l&#8217;actual ordenan\u00e7a municipal sobre la Zona de Baixes Emissions que a partir de l&#8217;any 2024 afectava a 41.281 autom\u00f2bils de la ciutat. Concretament, a partir del pr\u00f2xim 1 de gener, 16.160 cotxes de la ciutat sense etiqueta [&hellip;]<\/p>\n","protected":false},"author":2,"featured_media":5939,"comment_status":"open","ping_status":"open","sticky":false,"template":"","format":"standard","meta":{"footnotes":""},"categories":[23,24],"tags":[],"class_list":{"0":"post-5938","1":"post","2":"type-post","3":"status-publish","4":"format-standard","5":"has-post-thumbnail","7":"category-actualitat","8":"category-societat"},"_links":{"self":[{"href":"https:\/\/areabadalona.com\/diario\/wp-json\/wp\/v2\/posts\/5938","targetHints":{"allow":["GET"]}}],"collection":[{"href":"https:\/\/areabadalona.com\/diario\/wp-json\/wp\/v2\/posts"}],"about":[{"href":"https:\/\/areabadalona.com\/diario\/wp-json\/wp\/v2\/types\/post"}],"author":[{"embeddable":true,"href":"https:\/\/areabadalona.com\/diario\/wp-json\/wp\/v2\/users\/2"}],"replies":[{"embeddable":true,"href":"https:\/\/areabadalona.com\/diario\/wp-json\/wp\/v2\/comments?post=5938"}],"version-history":[{"count":1,"href":"https:\/\/areabadalona.com\/diario\/wp-json\/wp\/v2\/posts\/5938\/revisions"}],"predecessor-version":[{"id":5940,"href":"https:\/\/areabadalona.com\/diario\/wp-json\/wp\/v2\/posts\/5938\/revisions\/5940"}],"wp:featuredmedia":[{"embeddable":true,"href":"https:\/\/areabadalona.com\/diario\/wp-json\/wp\/v2\/media\/5939"}],"wp:attachment":[{"href":"https:\/\/areabadalona.com\/diario\/wp-json\/wp\/v2\/media?parent=5938"}],"wp:term":[{"taxonomy":"category","embeddable":true,"href":"https:\/\/areabadalona.com\/diario\/wp-json\/wp\/v2\/categories?post=5938"},{"taxonomy":"post_tag","embeddable":true,"href":"https:\/\/areabadalona.com\/diario\/wp-json\/wp\/v2\/tags?post=5938"}],"curies":[{"name":"wp","href":"https:\/\/api.w.org\/{rel}","templated":true}]}}