{"id":5935,"date":"2023-10-27T08:18:56","date_gmt":"2023-10-27T08:18:56","guid":{"rendered":"https:\/\/areabadalona.com\/diario\/?p=5935"},"modified":"2023-10-27T08:18:57","modified_gmt":"2023-10-27T08:18:57","slug":"aquest-dimecres-shan-lliurat-a-badalona-els-premis-del-vichy-catalan-volei-tour-campionat-de-catalunya-de-volei-platja-2023","status":"publish","type":"post","link":"https:\/\/areabadalona.com\/diario\/2023\/10\/27\/aquest-dimecres-shan-lliurat-a-badalona-els-premis-del-vichy-catalan-volei-tour-campionat-de-catalunya-de-volei-platja-2023\/","title":{"rendered":"Aquest dimecres s\u2019han lliurat a Badalona els premis del Vichy Catal\u00e1n Volei Tour &#8211; Campionat de Catalunya de V\u00f2lei Platja 2023\u00a0"},"content":{"rendered":"\n<p>Ahir dimecres 25 d\u2019octubre es van lliurar a Badalona els premis del Vichy Catal\u00e1n Volei Tour &#8211; Campionat de Catalunya de V\u00f2lei Platja 2023. L\u2019acte, que va tenir lloc a la sala de premsa de l\u2019edifici municipal El Viver, va comptar amb la pres\u00e8ncia del primer tinent d\u2019alcalde i regidor de l\u2019\u00c0mbit d\u2019Hisenda i Finances, Recursos Interns, Esports i Seguretat Ciutadana, Juan Fern\u00e1ndez; del regidor d\u2019Esports de l\u2019Ajuntament, Juan Jos\u00e9 Portillo i de la presidenta de la Federaci\u00f3 Catalana de Voleibol, Maribel Zamora.&nbsp;<\/p>\n\n\n\n<p>La parella femenina guanyadora del Vichy Catal\u00e1n Volei Tour &#8211; Campionat de Catalunya de V\u00f2lei Platja 2023 ha estat la formada per Erika Kliokmanaite i Kadri Puri. La segona posici\u00f3 ha estat per a la parella formada per Elena Peinador i Sara Bisbe. I la tercera posici\u00f3 la comparteixen dues parelles: Elisa Scocco i Marta Monfort, per una banda, i Sandra Campo i Alba Cardona, per l\u2019altra. &nbsp;<\/p>\n\n\n\n<p>Pel que fa als participants masculins els campions de Catalunya s\u00f3n Sergi Re\u00f1e i Oscar Jim\u00e9nez. El segon lloc ha estat per a Eric Estalella i Ferran Serra, i el tercer lloc per a la parella formada per H\u00e9ctor Garc\u00eda i Isaac Vali\u00f1o.&nbsp;<\/p>\n\n\n\n<p><strong>Conveni per promocionar el voleibol i el v\u00f2lei platja &nbsp;<\/strong><\/p>\n\n\n\n<p>Durant l\u2019acte del lliurament de premis es va signar el conveni entre l\u2019Ajuntament de Badalona i la Federaci\u00f3 Catalana de Voleibol que t\u00e9 com a objectiu promocionar el voleibol i el v\u00f2lei platja en aquesta ciutat. Entre les accions previstes en aquest conveni consta la realitzaci\u00f3 d\u2019una prova del Vichy Catal\u00e1n V\u00f2lei Tour i de diverses jornades d\u2019iniciaci\u00f3 en centres escolars de prim\u00e0ria i secund\u00e0ria de la ciutat, aix\u00ed com altres jornades d\u2019assessorament t\u00e8cnic per als mestres d\u2019educaci\u00f3 f\u00edsica i l\u2019organitzaci\u00f3 de competicions internes. &nbsp;<\/p>\n\n\n\n<p>La voluntat d\u2019ambdues entitats \u00e9s promocionar l\u2019esport del v\u00f2lei a Badalona i, a la vegada, incentivar l\u2019activitat f\u00edsica i esportiva entre els infants i adolescents de la ciutat.&nbsp;<\/p>\n\n\n\n<p>Durant l\u2019acte, el primer tinent d\u2019alcalde de l\u2019Ajuntament de Badalona, Juan Fern\u00e1ndez, va agrair la confian\u00e7a dipositada per la Federaci\u00f3 Catalana de V\u00f2lei en l\u2019Ajuntament de Badalona i va destacar que la voluntat del Govern municipal \u00e9s eixamplar la base esportiva i que aquest esport creixi a la ciutat de la m\u00e0 de la Federaci\u00f3. \u201cAmb aquest conveni estem plantant la llavor perqu\u00e8 comenci a haver-hi v\u00f2lei federat a Badalona. Volem posar totes les eines a l\u2019abast de la Federaci\u00f3 de V\u00f2lei i dels seus practicants perqu\u00e8 hi hagi m\u00e9s franges hor\u00e0ries i disponibilitat per poder practicar aquest esport als poliesportius municipals i potenciar la creaci\u00f3 d\u2019una instal\u00b7laci\u00f3 de refer\u00e8ncia de v\u00f2lei platja que funcioni de forma estable\u201d, ha afegit el primer tinent d\u2019alcaldia.&nbsp;<\/p>\n","protected":false},"excerpt":{"rendered":"<p>Ahir dimecres 25 d\u2019octubre es van lliurar a Badalona els premis del Vichy Catal\u00e1n Volei Tour &#8211; Campionat de Catalunya de V\u00f2lei Platja 2023. L\u2019acte, que va tenir lloc a la sala de premsa de l\u2019edifici municipal El Viver, va comptar amb la pres\u00e8ncia del primer tinent d\u2019alcalde i regidor de l\u2019\u00c0mbit d\u2019Hisenda i Finances, [&hellip;]<\/p>\n","protected":false},"author":2,"featured_media":5936,"comment_status":"open","ping_status":"open","sticky":false,"template":"","format":"standard","meta":{"footnotes":""},"categories":[26],"tags":[],"class_list":{"0":"post-5935","1":"post","2":"type-post","3":"status-publish","4":"format-standard","5":"has-post-thumbnail","7":"category-esports"},"_links":{"self":[{"href":"https:\/\/areabadalona.com\/diario\/wp-json\/wp\/v2\/posts\/5935","targetHints":{"allow":["GET"]}}],"collection":[{"href":"https:\/\/areabadalona.com\/diario\/wp-json\/wp\/v2\/posts"}],"about":[{"href":"https:\/\/areabadalona.com\/diario\/wp-json\/wp\/v2\/types\/post"}],"author":[{"embeddable":true,"href":"https:\/\/areabadalona.com\/diario\/wp-json\/wp\/v2\/users\/2"}],"replies":[{"embeddable":true,"href":"https:\/\/areabadalona.com\/diario\/wp-json\/wp\/v2\/comments?post=5935"}],"version-history":[{"count":1,"href":"https:\/\/areabadalona.com\/diario\/wp-json\/wp\/v2\/posts\/5935\/revisions"}],"predecessor-version":[{"id":5937,"href":"https:\/\/areabadalona.com\/diario\/wp-json\/wp\/v2\/posts\/5935\/revisions\/5937"}],"wp:featuredmedia":[{"embeddable":true,"href":"https:\/\/areabadalona.com\/diario\/wp-json\/wp\/v2\/media\/5936"}],"wp:attachment":[{"href":"https:\/\/areabadalona.com\/diario\/wp-json\/wp\/v2\/media?parent=5935"}],"wp:term":[{"taxonomy":"category","embeddable":true,"href":"https:\/\/areabadalona.com\/diario\/wp-json\/wp\/v2\/categories?post=5935"},{"taxonomy":"post_tag","embeddable":true,"href":"https:\/\/areabadalona.com\/diario\/wp-json\/wp\/v2\/tags?post=5935"}],"curies":[{"name":"wp","href":"https:\/\/api.w.org\/{rel}","templated":true}]}}