{"id":5929,"date":"2023-10-26T12:00:30","date_gmt":"2023-10-26T12:00:30","guid":{"rendered":"https:\/\/areabadalona.com\/diario\/?p=5929"},"modified":"2023-10-26T12:00:31","modified_gmt":"2023-10-26T12:00:31","slug":"badalona-comunicacio-preestrena-aquest-dissabte-a-les-18-hores-al-teatre-zorrilla-i-en-el-marc-del-festival-filmets-el-documental-el-silenci-de-les-ones","status":"publish","type":"post","link":"https:\/\/areabadalona.com\/diario\/2023\/10\/26\/badalona-comunicacio-preestrena-aquest-dissabte-a-les-18-hores-al-teatre-zorrilla-i-en-el-marc-del-festival-filmets-el-documental-el-silenci-de-les-ones\/","title":{"rendered":"Badalona Comunicac\u00ed\u00f3 preestrena aquest dissabte a les 18 hores al Teatre Zorrilla i en el marc del festival FILMETS el documental &#8216;El silenci de les ones&#8217;"},"content":{"rendered":"\n<p>Pere Mitjans S\u00e1nchez, periodista badalon\u00ed especialitzat en transmissions de futbol, es va trobar als inicis de la Guerra Civil al capdavant d\u2019una de les primeres r\u00e0dios del pa\u00eds: R\u00e0dio Badalona EAJ-39, que tot just ara celebraria el seu 90\u00e8 aniversari. Amb el triomf dels colpistes, per\u00f2, va haver de fer front a un consell de guerra on es jugava ser afusellat o ser condemnat a cadena perp\u00e8tua, pel simple fet d\u2019haver exercit la seva professi\u00f3.<\/p>\n\n\n\n<p>La biografia del protagonista, doncs, va ser afectada per tota una s\u00e8rie de canvis bruscos propis d\u2019una \u00e8poca convulsa, la primera meitat del segle XX; des dels r\u00e0pids aven\u00e7os tecnol\u00f2gics, com l\u2019aparici\u00f3 de la r\u00e0dio i els mitjans de masses, fins a la Guerra Civil i a la repressi\u00f3 franquista.<\/p>\n\n\n\n<p>Combinant imatges d\u2019arxiu, entrevistes, arxius sonors i il\u00b7lustracions del premiat dibuixant Toni Benages, \u2018El Silenci de les Ones\u2019 teixeix lligams entre el passat i el present per reflexionar sobre el silenci imposat durant la dictadura \u2014que, en certa manera, encara perdura. Un dels personatges entrevistats \u00e9s el catedr\u00e0tic d\u2019hist\u00f2ria, Joan Villarroya, expert en la repressi\u00f3 i en la Guerra Civil. Per\u00f2 el fil conductor es conforma a partir dels records de la neta de Pere Mitjans, Roser Mitjans, qui aporta detalls fins ara in\u00e8dits.<\/p>\n\n\n\n<p>Part del rodatge s&#8217;ha fet a la pres\u00f2 Model de Barcelona, on Pere Mitjans va estar recl\u00f2s, i ha comptat principalment amb imatges del fons hist\u00f2ric de la Filmoteca de Catalunya.<\/p>\n\n\n\n<p>L\u2019equip de la pel\u00b7l\u00edcula compta amb una doble direcci\u00f3: Jordi Rib\u00e0s Ustrell, periodista i historiador; i Joan Clusella i Caball\u00e9, realitzador de Televisi\u00f3 de Badalona i codirector del documental &#8216;\u00c8pica, el llegat de La Fura dels Baus&#8217;. La direcci\u00f3 de la fotografia l\u2019ha capitanejat Ferran Grao, realitzador de televisi\u00f3 i director dels documentals &#8216;On \/ Off. Les Tres Xemeneies&#8217; i &#8216;En Tr\u00e0nsit&#8217;. El productor executiu del documental ha estat Josep Vi\u00f1eta Balsells.<\/p>\n\n\n\n<p><strong>La preestrena del documental &#8216;El Silenci de les Ones&#8217; tindr\u00e0 lloc a Filmets Badalona Film Festival, aquest dissabte 28 d\u2019octubre al Teatre Zorrilla de Badalona, a les 18 hores<\/strong><\/p>\n\n\n\n<p><strong>En aquest enlla\u00e7 trobareu el teaser del documental i algunes imatges de recurs<\/strong><\/p>\n\n\n\n<figure class=\"wp-block-embed\"><div class=\"wp-block-embed__wrapper\">\nhttps:\/\/we.tl\/t-HpbBPEBpY7\n<\/div><\/figure>\n\n\n\n<h1 class=\"wp-block-heading\"><strong>Badalona Comunicaci\u00f3, una aposta per la qualitat<\/strong><\/h1>\n\n\n\n<p>\u2018El Silenci de les Ones\u2019 \u00e9s la darrera aposta de Badalona Comunicaci\u00f3 per elaborar pel\u00b7l\u00edcules documentals de qualitat, en les que s\u2019aborden tem\u00e0tiques vinculades a la realitat de la subcomarca de Barcelon\u00e8s Nord: Badalona, Santa Coloma de Gramenet, Sant Adri\u00e0 del Bes\u00f2s, Montgat i Tiana.<\/p>\n\n\n\n<p>El documental \u00e9s un migmetratge de 45 minuts de durada. Rodat amb c\u00e0meres de cinema, \u00e9s un producte cuidat, on els professionals que l&#8217;han realitzat han dedicat temps a efectuar una recerca i documentaci\u00f3 hist\u00f2rica. S\u2019allunya, per tant, de les produccions pr\u00f2pies d\u2019un mitj\u00e0 de proximitat, marcades sovint per l\u2019austeritat i les limitacions de temps i de recursos.<\/p>\n\n\n\n<p>&#8216;El Silenci de les Ones&#8217; \u00e9s el cinqu\u00e8 projecte d\u2019aquestes caracter\u00edstiques que impulsa Badalona Comunicaci\u00f3. El primer, &#8216;On \/ Off. Les Tres Xemeneies&#8217;, es va produir entre mitjans de 2016 i 2017, per explicar la hist\u00f2ria d\u2019una de les icones paisatg\u00edstiques de l\u2019\u00e0rea metropolitana de Barcelona.<\/p>\n\n\n\n<p>&#8216;Lesbos, una illa que espera&#8217; va ser el segon projecte. Seguint la tasca realitzada per l&#8217;ONG badalonina Proactiva Open Arms, analitza l\u2019impacte de la crisi migrat\u00f2ria a l\u2019illa, en aspectes tan diversos com la conviv\u00e8ncia i la pau social, el sector tur\u00edstic o la gesti\u00f3 de residus derivats dels desembarcaments.<\/p>\n\n\n\n<p>El seg\u00fcent documental va ser &#8216;\u00c8pica, el llegat de La Fura dels Baus&#8217;, coproducci\u00f3 de Badalona Comunicaci\u00f3 i La Fura dels Baus, on es va analitzar el m\u00e8tode de La Fura i com aquest posa en q\u00fcesti\u00f3 els l\u00edmits de les disciplines cient\u00edfiques gr\u00e0cies al treball desenvolupat a la Fundaci\u00f3 \u00c8pica.<\/p>\n\n\n\n<p>El darrer, l\u2019any passat, va ser &#8216;En Tr\u00e0nsit&#8217;. L\u2019incendi del 9 de desembre de 2020 en una nau de Badalona va evidenciar les condicions de precarietat en qu\u00e8 malviuen desenes de persones en grans ciutats del primer m\u00f3n. Entre les flames van perdre la vida 5 persones i m\u00e9s d\u2019una trentena en van resultar ferides. Qui eren? Per qu\u00e8 havien abandonat casa seva? Qu\u00e8 esperaven d\u2019Europa? Com hi vivien? Aquestes preguntes s\u00f3n el punt de partida del documental.<\/p>\n\n\n\n<p>Totes aquestes produccions han estat portades a festivals i en tots els casos han format part de seccions competitives de cert\u00e0mens. &#8216;En Tr\u00e0nsit&#8217;, per exemple, va inaugurar el Persona, el Festival Internacional de Cinema i Drets Humans de Molins de Rei, i &#8216;\u00c8pica, el llegat de La Fura dels Baus&#8217;, va estrenar-se al Per\u00fa, al Festival de Cine Incontrastable<\/p>\n","protected":false},"excerpt":{"rendered":"<p>Pere Mitjans S\u00e1nchez, periodista badalon\u00ed especialitzat en transmissions de futbol, es va trobar als inicis de la Guerra Civil al capdavant d\u2019una de les primeres r\u00e0dios del pa\u00eds: R\u00e0dio Badalona EAJ-39, que tot just ara celebraria el seu 90\u00e8 aniversari. Amb el triomf dels colpistes, per\u00f2, va haver de fer front a un consell de [&hellip;]<\/p>\n","protected":false},"author":2,"featured_media":5930,"comment_status":"open","ping_status":"open","sticky":false,"template":"","format":"standard","meta":{"footnotes":""},"categories":[25],"tags":[],"class_list":{"0":"post-5929","1":"post","2":"type-post","3":"status-publish","4":"format-standard","5":"has-post-thumbnail","7":"category-cultura"},"_links":{"self":[{"href":"https:\/\/areabadalona.com\/diario\/wp-json\/wp\/v2\/posts\/5929","targetHints":{"allow":["GET"]}}],"collection":[{"href":"https:\/\/areabadalona.com\/diario\/wp-json\/wp\/v2\/posts"}],"about":[{"href":"https:\/\/areabadalona.com\/diario\/wp-json\/wp\/v2\/types\/post"}],"author":[{"embeddable":true,"href":"https:\/\/areabadalona.com\/diario\/wp-json\/wp\/v2\/users\/2"}],"replies":[{"embeddable":true,"href":"https:\/\/areabadalona.com\/diario\/wp-json\/wp\/v2\/comments?post=5929"}],"version-history":[{"count":1,"href":"https:\/\/areabadalona.com\/diario\/wp-json\/wp\/v2\/posts\/5929\/revisions"}],"predecessor-version":[{"id":5931,"href":"https:\/\/areabadalona.com\/diario\/wp-json\/wp\/v2\/posts\/5929\/revisions\/5931"}],"wp:featuredmedia":[{"embeddable":true,"href":"https:\/\/areabadalona.com\/diario\/wp-json\/wp\/v2\/media\/5930"}],"wp:attachment":[{"href":"https:\/\/areabadalona.com\/diario\/wp-json\/wp\/v2\/media?parent=5929"}],"wp:term":[{"taxonomy":"category","embeddable":true,"href":"https:\/\/areabadalona.com\/diario\/wp-json\/wp\/v2\/categories?post=5929"},{"taxonomy":"post_tag","embeddable":true,"href":"https:\/\/areabadalona.com\/diario\/wp-json\/wp\/v2\/tags?post=5929"}],"curies":[{"name":"wp","href":"https:\/\/api.w.org\/{rel}","templated":true}]}}