{"id":5926,"date":"2023-10-26T08:24:06","date_gmt":"2023-10-26T08:24:06","guid":{"rendered":"https:\/\/areabadalona.com\/diario\/?p=5926"},"modified":"2023-10-26T08:24:07","modified_gmt":"2023-10-26T08:24:07","slug":"la-pel%c2%b7licula-de-nit-produida-per-jorge-basterretxea-i-albert-gallego-i-la-productora-gentileza-peliculas-sl-guanya-el-premi-productor-a-emergent-atorgat-pels-productors-audiovisuals-de-ca","status":"publish","type":"post","link":"https:\/\/areabadalona.com\/diario\/2023\/10\/26\/la-pel%c2%b7licula-de-nit-produida-per-jorge-basterretxea-i-albert-gallego-i-la-productora-gentileza-peliculas-sl-guanya-el-premi-productor-a-emergent-atorgat-pels-productors-audiovisuals-de-ca\/","title":{"rendered":"La pel\u00b7l\u00edcula &#8216;De nit&#8217;, produ\u00efda per Jorge Basterretxea i Albert Gallego i la productora Gentileza Pel\u00edculas SL, guanya el premi Productor\/a Emergent, atorgat pels Productors Audiovisuals de Catalunya (PAC)"},"content":{"rendered":"\n<p>La pel\u00b7l\u00edcula &#8216;De nit&#8217;, produ\u00efda per Jorge Basterretxea i Albert Gallego i la productora Gentileza Pel\u00edculas SL, ha guanyat el premi Productor\/a Emergent, atorgat pels Productors Audiovisuals de Catalunya (PAC). Avui dimecres s&#8217;ha lliurat el primer dels premis de la 49a edici\u00f3 de FILMETS Badalona Film Festival. Ha recollit el premi dotat amb una Venus de Badalona i 1.800 euros el productor del curt Albert Gallego.<\/p>\n\n\n\n<p>El jurat del premi PAC, format per Ed Antoja, Cristina Pineda i Antonio Lama, ha atorgat el Premi Productor\/a Emergent 2023 a la pel\u00b7l\u00edcula &#8216;De nit&#8217; per \u00abl&#8217;esfor\u00e7 d&#8217;aixecar el finan\u00e7ament del projecte a partir de subvencions p\u00fabliques i aliances de coproducci\u00f3, aix\u00ed com tancar acords amb una distribu\u00efdora\u00bb. El jurat tamb\u00e9 destaca \u00abla qualitat visual i la for\u00e7a de les seves interpretacions\u00bb.<\/p>\n\n\n\n<p>&#8216;De nit&#8217; \u00e9s un curtmetratge catal\u00e0 de 19 minuts, del g\u00e8nere de ficci\u00f3, dirigit per Ona Jan\u00e9 Mill\u00e0. Est\u00e0 interpretat per Greta Fern\u00e1ndez, Marta Mill\u00e0 i Anna Azcona. A FILMETS s&#8217;ha vist a la sessi\u00f3 Km 0, que es va projectar ahir dimarts al Teatre Zorrilla de Badalona.<\/p>\n\n\n\n<p>L&#8217;argument del curt \u00e9s el seg\u00fcent: La Lea i la seva mare, la J\u00falia, marxen un cap de setmana a una casa a la muntanya per desconnectar de les seves atrafegades vides de ciutat. Un eclipsi lunar traur\u00e0 a la llum un conflicte que tenien pendent, i al mateix temps les ajudar\u00e0 a retrobar-se.<\/p>\n\n\n\n<p><strong>Menci\u00f3 especial del jurat al curt &#8216;Niuada&#8217;<\/strong><\/p>\n\n\n\n<p>El jurat del premi PAC tamb\u00e9 ha volgut concedir una menci\u00f3 especial al curt &#8216;Niuada&#8217; per \u00abhaver captivat per la for\u00e7a i originalitat de la seva hist\u00f2ria, aix\u00ed com per les interpretacions de tot el repartiment de menors.<\/p>\n\n\n\n<p>&#8216;Niuada&#8217; \u00e9s un curt catal\u00e0 de 8 minuts, del g\u00e8nere de ficci\u00f3, dirigit per Val\u00e8ria Cuni, i produ\u00eft per Ferran Giol Gort i Anna Moragriega Farr\u00e9s, i amb la productora Pausa Dram\u00e0tica Films. A FILMETS es va poder veure a la Sessi\u00f3 Inaugural del festival. Ha recollit el premi Ferran Giol.<\/p>\n\n\n\n<p>La pel\u00b7\u00edcula est\u00e0 protagonitzada per Biel Magari\u00f1o Peregrina i Jan Prat Can\u00f3. L&#8217;argument del curt \u00e9s el seg\u00fcent: El Gen\u00eds acompanya el Mart\u00ed, el seu germ\u00e0 gran, a passar la tarda amb els seus amics, un grup d&#8217;adolescents d&#8217;una petit poble d&#8217;interior. Despr\u00e9s de ser les v\u00edctimes d&#8217;una bretolada, el grup del Mart\u00ed surt del poble, preparat per fer una de les seves a una masia pr\u00f2xima.<\/p>\n\n\n\n<p>L\u2019objectiu del guard\u00f3 \u00e9s premiar el risc i la llibertat creativa del\/a productor\/a. A m\u00e9s, amb aquest guard\u00f3 es vol recon\u00e8ixer el treball dels productors i les productores, una figura absolutament necess\u00e0ria en el m\u00f3n audiovisual per\u00f2 al mateix temps molt desconeguda fora del sector.<\/p>\n","protected":false},"excerpt":{"rendered":"<p>La pel\u00b7l\u00edcula &#8216;De nit&#8217;, produ\u00efda per Jorge Basterretxea i Albert Gallego i la productora Gentileza Pel\u00edculas SL, ha guanyat el premi Productor\/a Emergent, atorgat pels Productors Audiovisuals de Catalunya (PAC). Avui dimecres s&#8217;ha lliurat el primer dels premis de la 49a edici\u00f3 de FILMETS Badalona Film Festival. Ha recollit el premi dotat amb una Venus [&hellip;]<\/p>\n","protected":false},"author":2,"featured_media":5927,"comment_status":"open","ping_status":"open","sticky":false,"template":"","format":"standard","meta":{"footnotes":""},"categories":[25],"tags":[],"class_list":{"0":"post-5926","1":"post","2":"type-post","3":"status-publish","4":"format-standard","5":"has-post-thumbnail","7":"category-cultura"},"_links":{"self":[{"href":"https:\/\/areabadalona.com\/diario\/wp-json\/wp\/v2\/posts\/5926","targetHints":{"allow":["GET"]}}],"collection":[{"href":"https:\/\/areabadalona.com\/diario\/wp-json\/wp\/v2\/posts"}],"about":[{"href":"https:\/\/areabadalona.com\/diario\/wp-json\/wp\/v2\/types\/post"}],"author":[{"embeddable":true,"href":"https:\/\/areabadalona.com\/diario\/wp-json\/wp\/v2\/users\/2"}],"replies":[{"embeddable":true,"href":"https:\/\/areabadalona.com\/diario\/wp-json\/wp\/v2\/comments?post=5926"}],"version-history":[{"count":1,"href":"https:\/\/areabadalona.com\/diario\/wp-json\/wp\/v2\/posts\/5926\/revisions"}],"predecessor-version":[{"id":5928,"href":"https:\/\/areabadalona.com\/diario\/wp-json\/wp\/v2\/posts\/5926\/revisions\/5928"}],"wp:featuredmedia":[{"embeddable":true,"href":"https:\/\/areabadalona.com\/diario\/wp-json\/wp\/v2\/media\/5927"}],"wp:attachment":[{"href":"https:\/\/areabadalona.com\/diario\/wp-json\/wp\/v2\/media?parent=5926"}],"wp:term":[{"taxonomy":"category","embeddable":true,"href":"https:\/\/areabadalona.com\/diario\/wp-json\/wp\/v2\/categories?post=5926"},{"taxonomy":"post_tag","embeddable":true,"href":"https:\/\/areabadalona.com\/diario\/wp-json\/wp\/v2\/tags?post=5926"}],"curies":[{"name":"wp","href":"https:\/\/api.w.org\/{rel}","templated":true}]}}