{"id":5920,"date":"2023-10-25T09:09:25","date_gmt":"2023-10-25T09:09:25","guid":{"rendered":"https:\/\/areabadalona.com\/diario\/?p=5920"},"modified":"2023-10-25T09:09:26","modified_gmt":"2023-10-25T09:09:26","slug":"lajuntament-de-badalona-publica-una-guia-de-restaurants-i-eixos-comercials-i-un-mapa-turistic-de-la-ciutat-coincidint-amb-la-campanya-de-nadal","status":"publish","type":"post","link":"https:\/\/areabadalona.com\/diario\/2023\/10\/25\/lajuntament-de-badalona-publica-una-guia-de-restaurants-i-eixos-comercials-i-un-mapa-turistic-de-la-ciutat-coincidint-amb-la-campanya-de-nadal\/","title":{"rendered":"L\u2019Ajuntament de Badalona publica una Guia de Restaurants i Eixos Comercials i un mapa tur\u00edstic de la ciutat coincidint amb la campanya de Nadal\u00a0"},"content":{"rendered":"\n<p>L\u2019Ajuntament de Badalona publica una Guia de Restaurants i Eixos Comercials i un mapa tur\u00edstic de la ciutat per tal de promocionar la gastronomia, el comer\u00e7 local i els principals punts d\u2019inter\u00e8s del municipi entre els visitants i els ve\u00efns i ve\u00efnes de Badalona. La distribuci\u00f3 d\u2019aquestes publicacions informatives es far\u00e0 coincidint amb la campanya de Nadal, que s\u2019iniciar\u00e0 amb la inauguraci\u00f3 de l\u2019arbre de Nadal m\u00e9s gran d\u2019Espanya, que s\u2019instal\u00b7lar\u00e0 a la pla\u00e7a del President Tarradellas, al barri del Gorg.&nbsp;<\/p>\n\n\n\n<p>La Guia de Restaurant i Eixos Comercials inclou aquells establiments gastron\u00f2mics que, complint una s\u00e8rie de requisits, van fer una inscripci\u00f3 telem\u00e0tica gratu\u00efta facilitant les dades del seu negoci. Tamb\u00e9 es pot trobar informaci\u00f3 referent a les diferents associacions de comerciants, els centres comercials i els mercats de marxants. &nbsp;<\/p>\n\n\n\n<p>El mapa tur\u00edstic est\u00e0 format per un gran pl\u00e0nol de tota la ciutat on estan destacats amb diferents s\u00edmbols els principals punts d\u2019inter\u00e8s de Badalona, els allotjaments i tots els serveis disponibles a la ciutat (aparcaments, hospitals, metro, rodalies, policia, biblioteques, mercats, cinemes, etc.). A m\u00e9s, en el revers del pl\u00e0nol tota aquesta informaci\u00f3 expressada en s\u00edmbols est\u00e0 detallada i il\u00b7lustrada amb fotografies. &nbsp;<\/p>\n\n\n\n<p>Tant la Guia de Restaurants i Eixos Comercials com el mapa tur\u00edstic de la ciutat es podran trobar des de l\u2019inici de la campanya de Nadal i durant tot l\u2019any en els principals punts d\u2019informaci\u00f3, en l\u2019oficina de Turisme, en els hotels i espais de restauraci\u00f3 i en els punts m\u00e9s tur\u00edstics i concorreguts de la ciutat. Aquestes publicacions s\u00f3n de petit format per afavorir que les persones les puguin dur a sobre i utilitzar-les mentre passegen per Badalona. &nbsp;<\/p>\n\n\n\n<p>La segona tinenta d\u2019alcaldia i regidora de l\u2019\u00c0mbit d\u2019Impuls Econ\u00f2mic i de Ciutat, Treball, Cultura, Ciutadania i Govern, Cristina Ag\u00fcera, ha explicat que \u201cimpulsem aquesta Guia de Restaurants i Eixos Comercials i el mapa tur\u00edstic amb l\u2019objectiu de donar a con\u00e8ixer tant als ve\u00efns com a les persones que visiten Badalona la gran oferta d\u2019oci, comer\u00e7, restauraci\u00f3 i serveis que hi ha a la ciutat\u201d. Ag\u00fcera ha remarcat que \u201caprofitem la campanya de Nadal per iniciar la distribuci\u00f3 d\u2019aquesta publicaci\u00f3 perqu\u00e8 estem segurs que seran unes dates que atrauran molts visitants a Badalona, per\u00f2 el repartiment de la guia i el mapa es far\u00e0 tamb\u00e9 durant la resta de l\u2019any\u201d. \u201cJa estem treballant per impulsar m\u00e9s mesures i accions que afavoreixin el nostre teixit econ\u00f2mic i impulsin la imatge de Badalona com una ciutat de refer\u00e8ncia\u201d, ha assegurat la tinenta d\u2019alcaldia. &nbsp;<\/p>\n","protected":false},"excerpt":{"rendered":"<p>L\u2019Ajuntament de Badalona publica una Guia de Restaurants i Eixos Comercials i un mapa tur\u00edstic de la ciutat per tal de promocionar la gastronomia, el comer\u00e7 local i els principals punts d\u2019inter\u00e8s del municipi entre els visitants i els ve\u00efns i ve\u00efnes de Badalona. La distribuci\u00f3 d\u2019aquestes publicacions informatives es far\u00e0 coincidint amb la campanya [&hellip;]<\/p>\n","protected":false},"author":2,"featured_media":5921,"comment_status":"open","ping_status":"open","sticky":false,"template":"","format":"standard","meta":{"footnotes":""},"categories":[23,24],"tags":[],"class_list":{"0":"post-5920","1":"post","2":"type-post","3":"status-publish","4":"format-standard","5":"has-post-thumbnail","7":"category-actualitat","8":"category-societat"},"_links":{"self":[{"href":"https:\/\/areabadalona.com\/diario\/wp-json\/wp\/v2\/posts\/5920","targetHints":{"allow":["GET"]}}],"collection":[{"href":"https:\/\/areabadalona.com\/diario\/wp-json\/wp\/v2\/posts"}],"about":[{"href":"https:\/\/areabadalona.com\/diario\/wp-json\/wp\/v2\/types\/post"}],"author":[{"embeddable":true,"href":"https:\/\/areabadalona.com\/diario\/wp-json\/wp\/v2\/users\/2"}],"replies":[{"embeddable":true,"href":"https:\/\/areabadalona.com\/diario\/wp-json\/wp\/v2\/comments?post=5920"}],"version-history":[{"count":1,"href":"https:\/\/areabadalona.com\/diario\/wp-json\/wp\/v2\/posts\/5920\/revisions"}],"predecessor-version":[{"id":5922,"href":"https:\/\/areabadalona.com\/diario\/wp-json\/wp\/v2\/posts\/5920\/revisions\/5922"}],"wp:featuredmedia":[{"embeddable":true,"href":"https:\/\/areabadalona.com\/diario\/wp-json\/wp\/v2\/media\/5921"}],"wp:attachment":[{"href":"https:\/\/areabadalona.com\/diario\/wp-json\/wp\/v2\/media?parent=5920"}],"wp:term":[{"taxonomy":"category","embeddable":true,"href":"https:\/\/areabadalona.com\/diario\/wp-json\/wp\/v2\/categories?post=5920"},{"taxonomy":"post_tag","embeddable":true,"href":"https:\/\/areabadalona.com\/diario\/wp-json\/wp\/v2\/tags?post=5920"}],"curies":[{"name":"wp","href":"https:\/\/api.w.org\/{rel}","templated":true}]}}