{"id":5917,"date":"2023-10-23T08:57:20","date_gmt":"2023-10-23T08:57:20","guid":{"rendered":"https:\/\/areabadalona.com\/diario\/?p=5917"},"modified":"2023-10-25T08:58:08","modified_gmt":"2023-10-25T08:58:08","slug":"el-director-i-productor-de-cinema-lluis-minarro-ha-rebut-aquesta-tarda-la-venus-dhonor-del-festival-filmets","status":"publish","type":"post","link":"https:\/\/areabadalona.com\/diario\/2023\/10\/23\/el-director-i-productor-de-cinema-lluis-minarro-ha-rebut-aquesta-tarda-la-venus-dhonor-del-festival-filmets\/","title":{"rendered":"El director i productor de cinema Llu\u00eds Mi\u00f1arro ha rebut aquesta tarda la Venus d&#8217;Honor del festival FILMETS"},"content":{"rendered":"\n<p>El director i productor de cinema Llu\u00eds Mi\u00f1arro ha rebut aquest dilluns la Venus d&#8217;Honor de FILMETS Badalona Film Festival. El guard\u00f3 se li ha atorgat en reconeixement a la seva fruct\u00edfera traject\u00f2ria d&#8217;\u00e8xit en el m\u00f3n del cinema durant tota la seva vida professional de m\u00e9s de 40 anys.<\/p>\n\n\n\n<p>Llu\u00eds Mi\u00f1arro ha rebut la Venus d&#8217;Honor al Teatre Zorrilla de Badalona de mans del coordinador executiu de Badalona Comunicaci\u00f3, Josep Vi\u00f1eta Balsells, i al costat del director art\u00edstic del festival, Agust\u00ed Argelich.<\/p>\n\n\n\n<p>Agra\u00eft i amb el premi a la m\u00e0, Llu\u00eds Mi\u00f1arro ha dit que \u00abveient el que passa arreu, el dia que els estats produeixin c\u00e0meres de cine en lloc d&#8217;armes, el m\u00f3n anir\u00e0 molt millor\u00bb.<\/p>\n\n\n\n<p>I ha afegit que \u00abel gran problema dels curts \u00e9s que, un cop fets, no tenen distribuci\u00f3. \u00c9s molt dificil que es vegin en el circuit tradicional del cinema. Amb sort es veuran en algun museu, en alguna cadena de televisi\u00f3 o en un festival com \u00e9s FILMETS, \u00fanic en aquest aspecte\u00bb. \u00abEl cinema i l&#8217;art en general han de provocar, han de sacsejar la nostra societat i la nostra consci\u00e8ncia\u00bb, ha afegit.<\/p>\n\n\n\n<p>Llu\u00eds Mi\u00f1arro ha rebut el guard\u00f3 just abans de comen\u00e7ar la sessi\u00f3 FILMETS Campus, que ha omplert el teatre d&#8217;estudiants de les escoles de cinema. Llu\u00eds Mi\u00f1arro ha mantingut un col\u00b7loqui obert amb tots aquests estudiants.<\/p>\n\n\n\n<p><strong>Director i productor amb una Palma d&#8217;Or de Canes<\/strong><\/p>\n\n\n\n<p>Llu\u00eds Mi\u00f1arro, nascut a Barcelona, ha dirigit les pel\u00b7l\u00edcules &#8216;Love me not&#8217; (2019), &#8216;Stella candente&#8217; (2014), &#8216;Blow Horn&#8217; (2009 i &#8216;Familystrip&#8217; (2009).<\/p>\n\n\n\n<p>L&#8217;any 1989 va fundar Eddie Saeta. Ha produ\u00eft m\u00e9s de 45 llargmetratges reconeguts internacionalment amb m\u00e9s de 140 premis. D&#8217;aquests premis cal destacar la Palma d&#8217;Or de Canes 2010 amb la pel\u00b7l\u00edcula &#8216;Uncle Boonmee who can recall his past lives&#8217; d&#8217;Apichatpong Weerasethakul. Tamb\u00e9 ha participat en films de Manoel de Oliveira, Lisandro Alonso, Naomi Kawase, Albert Serra, Marc Recha, Jos\u00e9 Luis Guer\u00edn o Javier Rebollo.<\/p>\n\n\n\n<p>Ha estat jurat en festival com Locarno, Karlovy Vary o Sant Sebasti\u00e0. L&#8217;any 2020 va organitzar un cicle de cineastes catalans al Festival de Nara (Jap\u00f3) amb la col\u00b7laboraci\u00f3 de l&#8217;Institut Ramon Llull. Llu\u00eds Mi\u00f1arro ha estat Premi Ciutat de Barcelona 2010 i Premi Pep\u00f3n Coromina 2020.<\/p>\n","protected":false},"excerpt":{"rendered":"<p>El director i productor de cinema Llu\u00eds Mi\u00f1arro ha rebut aquest dilluns la Venus d&#8217;Honor de FILMETS Badalona Film Festival. El guard\u00f3 se li ha atorgat en reconeixement a la seva fruct\u00edfera traject\u00f2ria d&#8217;\u00e8xit en el m\u00f3n del cinema durant tota la seva vida professional de m\u00e9s de 40 anys. Llu\u00eds Mi\u00f1arro ha rebut la [&hellip;]<\/p>\n","protected":false},"author":2,"featured_media":5918,"comment_status":"open","ping_status":"open","sticky":false,"template":"","format":"standard","meta":{"footnotes":""},"categories":[25],"tags":[],"class_list":{"0":"post-5917","1":"post","2":"type-post","3":"status-publish","4":"format-standard","5":"has-post-thumbnail","7":"category-cultura"},"_links":{"self":[{"href":"https:\/\/areabadalona.com\/diario\/wp-json\/wp\/v2\/posts\/5917","targetHints":{"allow":["GET"]}}],"collection":[{"href":"https:\/\/areabadalona.com\/diario\/wp-json\/wp\/v2\/posts"}],"about":[{"href":"https:\/\/areabadalona.com\/diario\/wp-json\/wp\/v2\/types\/post"}],"author":[{"embeddable":true,"href":"https:\/\/areabadalona.com\/diario\/wp-json\/wp\/v2\/users\/2"}],"replies":[{"embeddable":true,"href":"https:\/\/areabadalona.com\/diario\/wp-json\/wp\/v2\/comments?post=5917"}],"version-history":[{"count":1,"href":"https:\/\/areabadalona.com\/diario\/wp-json\/wp\/v2\/posts\/5917\/revisions"}],"predecessor-version":[{"id":5919,"href":"https:\/\/areabadalona.com\/diario\/wp-json\/wp\/v2\/posts\/5917\/revisions\/5919"}],"wp:featuredmedia":[{"embeddable":true,"href":"https:\/\/areabadalona.com\/diario\/wp-json\/wp\/v2\/media\/5918"}],"wp:attachment":[{"href":"https:\/\/areabadalona.com\/diario\/wp-json\/wp\/v2\/media?parent=5917"}],"wp:term":[{"taxonomy":"category","embeddable":true,"href":"https:\/\/areabadalona.com\/diario\/wp-json\/wp\/v2\/categories?post=5917"},{"taxonomy":"post_tag","embeddable":true,"href":"https:\/\/areabadalona.com\/diario\/wp-json\/wp\/v2\/tags?post=5917"}],"curies":[{"name":"wp","href":"https:\/\/api.w.org\/{rel}","templated":true}]}}