{"id":5914,"date":"2023-10-23T08:54:30","date_gmt":"2023-10-23T08:54:30","guid":{"rendered":"https:\/\/areabadalona.com\/diario\/?p=5914"},"modified":"2023-10-25T08:55:25","modified_gmt":"2023-10-25T08:55:25","slug":"presentada-la-campanya-de-nadal-mes-espectacular-que-convertira-badalona-en-una-ciutat-referent","status":"publish","type":"post","link":"https:\/\/areabadalona.com\/diario\/2023\/10\/23\/presentada-la-campanya-de-nadal-mes-espectacular-que-convertira-badalona-en-una-ciutat-referent\/","title":{"rendered":"Presentada la campanya de Nadal \u201cm\u00e9s espectacular que convertir\u00e0 Badalona en una ciutat referent\u201d\u00a0"},"content":{"rendered":"\n<p>L\u2019alcalde Xavier Garcia Albiol ha assegurat avui que Badalona tindr\u00e0 \u201cl\u2019arbre de Nadal m\u00e9s gran d\u2019Espanya, amb 40 metres d\u2019altura, 15 metres de di\u00e0metre i 82.000 punts de llums p\u00edxels que oferiran un gran espectacle de llum i m\u00fasica\u201d. L\u2019arbre de Nadal m\u00e9s alt, amb el seu espectacle lum\u00ednic i de so, \u00e9s una de les principals novetats i l\u2019element que marcar\u00e0 la difer\u00e8ncia de la programaci\u00f3 \u201cBadalona, il\u00b7lusi\u00f3 pel Nadal\u201d que s\u2019ha presentat avui \u201camb l\u2019objectiu de convertir Badalona en una ciutat referent amb el Nadal m\u00e9s espectacular que mai hagi pogut tenir i que ho puguin gaudir els ve\u00efns i els visitants de les ciutats de l\u2019entorn\u201d.&nbsp;<\/p>\n\n\n\n<p>L\u2019estructura de l\u2019arbre, atesa la seva complexitat i volum, comen\u00e7ar\u00e0 a instal\u00b7lar-se la setmana vinent al seu empla\u00e7ament de la pla\u00e7a del president Tarradellas, del barri del Gorg. Es preveu que el muntatge de les peces que descarregaran un total de 10 camions de gran tonatge durar\u00e0 uns 10 dies. L\u2019acte d\u2019inauguraci\u00f3, al qual l\u2019alcalde Xavier Garcia Albiol ha avan\u00e7at que convidar\u00e0 als alcaldes de les ciutats ve\u00efnes i a l\u2019alcalde de la ciutat de Vigo, tindr\u00e0 lloc el dissabte 18 de novembre. L\u2019espectacle de llums i so es podr\u00e0 veure en diversos passis al llarg del dia.&nbsp;<\/p>\n\n\n\n<p>L\u2019Ajuntament de Badalona invertir\u00e0 1,7 milions d\u2019euros en la programaci\u00f3 de Nadal \u201camb activitats a tots els barris i amb un gran retorn positiu per a la ciutat\u201d ha assegurat l\u2019alcalde. En aquest sentit, s\u2019encarregar\u00e0 a una empresa tecnol\u00f2gica especialitzada per con\u00e8ixer el flux i els moviments dels visitants que s\u2019esperen que visitin l\u2019arbre i altres punts d\u2019inter\u00e8s, com ara una nova edici\u00f3 de la Fira Gastron\u00f2mica que ubicar\u00e0 a la propera rambla del Gorg. L\u2019Ajuntament editar\u00e0 milers de fulls informatius amb la programaci\u00f3 dels actes de Nadal i un pl\u00e0nol amb punts d\u2019inter\u00e8s, eixos comercials i l\u2019oferta gastron\u00f2mica per als visitants.&nbsp;<\/p>\n\n\n\n<p>Per primera vegada tots els barris de Badalona tindran algun espai amb il\u00b7luminaci\u00f3 o un gran element nadalenc als seus carrers i tots els districtes comptaran amb algun \u201celement espectacular\u201d ha assegurat l\u2019alcalde. A banda del gran arbre de 40 metres, Badalona tindr\u00e0 dos arbres m\u00e9s: el tradicional que s\u2019instal\u00b7la a la pla\u00e7a de la Vila i a la pla\u00e7a d\u2019Ernesto \u201cChe\u201d Guevara, entre el barri de la Salut i de Llefi\u00e0. &nbsp;<\/p>\n\n\n\n<p>Entre les novetats de la programaci\u00f3 s\u2019ha destacat l\u2019activitat \u201cLa Casa del Pare Noel\u201d, que es desenvolupar\u00e0 durant 8 dies a l\u2019antic Escorxador, que la tradicional Fira de Nadal tornar\u00e0 al seu empla\u00e7ament de la pla\u00e7a de la Plana i que la Cavalcada de Reis comptar\u00e0 amb 3 noves carrosses, amb personatges pensats per als m\u00e9s menuts.&nbsp;<\/p>\n\n\n\n<p>Pel que fa al Campament Reial, es podr\u00e0 visitar els dies 28, 29 i 30 de desembre i 2, 3 i 4 de gener al parc de Can Solei i de Ca l\u2019Arn\u00fas. L\u2019arribada de Ses Majestat els Reis d\u2019Orient ser\u00e0 en helic\u00f2pter a les 16.30 hores el 5 de desembre a l\u2019Estadi Municipal de Badalona.&nbsp;<\/p>\n\n\n\n<p>En la presentaci\u00f3 de la programaci\u00f3 \u201cBadalona, il\u00b7lusi\u00f3 pel Nadal\u201d, l\u2019alcalde ha estat acompanyat per la segona tinenta d\u2019alcaldia, i regidora de l\u2019\u00c0mbit d\u2019Impuls Econ\u00f2mic i de Ciutat, Treball, Cultura, Ciutadania i Govern, Cristina Ag\u00fcera; la regidora de l\u2019\u00c0rea de Cultura, Vanesa Gonz\u00e1lez, i la regidora de l\u2019\u00c0rea de Comer\u00e7, Mercats i Consum, Rosa Bertran.&nbsp;&nbsp;&nbsp; &nbsp;<\/p>\n\n\n\n<p><strong><u>Calendari i programaci\u00f3 \u00abBadalona, il\u00b7lusi\u00f3 pel Nadal\u00bb &nbsp;<\/u><\/strong><\/p>\n\n\n\n<p><strong>Acte d\u2019encesa de llums i de l\u2019arbre de Nadal de la pla\u00e7a de la Vila<\/strong>&nbsp;<\/p>\n\n\n\n<p>Divendres, 17 novembre. 18.30 hores.&nbsp;<\/p>\n\n\n\n<p>\u00abBadalona, il\u00b7lusi\u00f3 pel Nadal\u00bb \u00e9s una espectacle original creat expressament per donar el tret de sortida a l\u2019enllumenat de tots els carrers de la ciutat i l&#8217;acte amb el qual s&#8217;iniciaran els esdeveniments de les Festes de Nadal a Badalona. Una proposta art\u00edstica on el teatre, la m\u00fasica, la dansa i la llum seran els protagonistes.&nbsp;<\/p>\n\n\n\n<p>A les 19 hores tindr\u00e0 lloc l\u2019encesa de llums a la pla\u00e7a de la Vila i de tota la ciutat.&nbsp;<\/p>\n\n\n\n<p><strong>Acte d\u2019encesa de llums i de l\u2019arbre de Nadal de la pla\u00e7a del president Tarradellas<\/strong>&nbsp;<\/p>\n\n\n\n<p>Dissabte 18 de novembre. 17.30 hores.&nbsp;<\/p>\n\n\n\n<p>\u201cGran Encesa de l\u2019Arbre de Nadal de Badalona\u201d un espectacle de m\u00fasica i llum que portar\u00e0 la m\u00e0gia del Nadal des de la pla\u00e7a del president Tarradellas a tots els carrers i racons de la ciutat. Un arbre de m\u00e9s de 40 metres d\u2019alt que porta integrat un show de llums, projeccions i m\u00fasiques per als m\u00e9s petits i els m\u00e9s grans. &nbsp;<\/p>\n\n\n\n<p>A m\u00e9s, aquest espectacle de gran format comptar\u00e0 amb un concert de m\u00fasica de Nadal interpretat per l\u2019Escola de M\u00fasica Moderna de Badalona i una sessi\u00f3 de DJ molt especial i nadalenca.&nbsp;<\/p>\n\n\n\n<p><strong>Fira de Nadal tradicional&nbsp;<\/strong><\/p>\n\n\n\n<p>Pla\u00e7a de la Plana. Del 24 de novembre al 23 de desembre&nbsp;<\/p>\n\n\n\n<p><strong>Mostra gastron\u00f2mica&nbsp;<\/strong><\/p>\n\n\n\n<p>Rambla del Gorg. 17, 18 i 19 de novembre&nbsp;<\/p>\n\n\n\n<p>24 casetes amb restaurants i espais per pastisseria i dol\u00e7os.&nbsp;<\/p>\n\n\n\n<p><strong>Pessebre tradicional&nbsp;<\/strong><\/p>\n\n\n\n<p>Del 13 de desembre al 7 de gener a la pla\u00e7a de la Vila&nbsp;<\/p>\n\n\n\n<p>Inauguraci\u00f3 13 de desembre, a les 19 hores&nbsp;<\/p>\n\n\n\n<p>Cantada de Nadal a c\u00e0rrec del Conservatori Professional de M\u00fasica de Badalona&nbsp;<\/p>\n\n\n\n<p><strong>Parc de les Il\u00b7lusions de Nadal&nbsp;<\/strong><\/p>\n\n\n\n<p>Perqu\u00e8 els nens gaudeixin d\u2019una de les tem\u00e0tiques que m\u00e9s els hi agrada: la M\u00e0gia! I puguin fer tallers i passar una bona estona amb els espectacles. Tallers de m\u00e0gia, fira dels impossibles i artefactes m\u00e0gics. Espectacle \u201cEl gran Zampano\u201d a c\u00e0rrec d\u2019enric Magoo i Civi Civiac.&nbsp;<\/p>\n\n\n\n<p>Parc de Montigal\u00e0. 14 de desembre, de 17 a 20 hores&nbsp;<\/p>\n\n\n\n<p>Pla\u00e7a de Camar\u00f3n de la Isla (Sant Roc). 15 de desembre, de 17 a 20 hores&nbsp;<\/p>\n\n\n\n<p><strong>Casa del Pare Noel&nbsp;<\/strong><\/p>\n\n\n\n<p>Nau 3 del Centre Cultural l\u2019Escorxador&nbsp;<\/p>\n\n\n\n<p>Del 16 al 23 de desembre, de 17 a 21 hores&nbsp;<\/p>\n\n\n\n<p>A Badalona i per Nadal, tot \u00e9s possible! El pare Noel ha decidit instal\u00b7lar-se uns dies a la Nau 3, un espai que li ha estat cedit perqu\u00e8 pugui obrir la seva maleta i encabir-hi la que ser\u00e0 la seva resid\u00e8ncia durant uns quants dies on els m\u00e9s petits podran viure moments m\u00e0gics per totes les estances.&nbsp;<\/p>\n\n\n\n<p><strong>Campament Reial&nbsp;<\/strong><\/p>\n\n\n\n<p>Parc de Can Solei i de Ca l\u2019Arn\u00fas&nbsp;<\/p>\n\n\n\n<p>28, 29 i 30&nbsp; de desembre, i 2, 3 i 4 de gener, de 17 a 21 hores&nbsp;<\/p>\n\n\n\n<p><strong>Rebuda Ses Majestat els Reis d\u2019Orient&nbsp;<\/strong><\/p>\n\n\n\n<p>Estadi Municipal de Badalona. Arribada en helic\u00f2pter.&nbsp;<\/p>\n\n\n\n<p>5 de gener, a les 16.30 hores&nbsp;<\/p>\n\n\n\n<p><strong>Cavalcada de Reis&nbsp;<\/strong><\/p>\n\n\n\n<p>Inici del recorregut a l\u2019avinguda de Pius XII amb carrer de Ramiro de Maeztu&nbsp;<\/p>\n\n\n\n<p>5 de gener a les 18 hores.&nbsp;<\/p>\n\n\n\n<p>Presenta novetats com ara noves carrosses infantils amb personatges de cinema i amb m\u00e9s il\u00b7luminaci\u00f3 que mai. &nbsp;<\/p>\n\n\n\n<p><strong>Contes Dins del Bosc<\/strong>, de Sandal Produccions (Titelles)&nbsp;<\/p>\n\n\n\n<p>A la pla\u00e7a de la Dona (La Salut), 2 de desembre, 11 hores&nbsp;&nbsp;<\/p>\n\n\n\n<p>A la pla\u00e7a d\u2019Ant\u00f2nia Boada i Ros (Bufal\u00e0), 16 de desembre, 11 hores&nbsp;&nbsp;<\/p>\n\n\n\n<p><strong>B\u00fasties Reials&nbsp;<\/strong><\/p>\n\n\n\n<p>Del 18 de desembre de 2023 al 6 de gener de 2024&nbsp;<\/p>\n\n\n\n<p>&#8211; Carrer de Pomar de Baix (cantonada de la Riera de Canyad\u00f3)&nbsp;<\/p>\n\n\n\n<p>&#8211; Parc del Torrent d\u2019en Grau&nbsp;<\/p>\n\n\n\n<p>&#8211; Avinguda &nbsp;de Mart\u00ed Pujol (cantonada avinguda dels Vents)&nbsp;<\/p>\n\n\n\n<p>&#8211; Carrer de P\u00e9rez Gald\u00f3s&nbsp;<\/p>\n\n\n\n<p>&#8211; Avinguda d\u2019Alfons XIII (cantonada carrer de Sant Lluc)&nbsp;<\/p>\n\n\n\n<p>&#8211; Avinguda d\u2019Alfons XIII (cantonada amb l\u2019avinguda del Maresme)&nbsp;<\/p>\n\n\n\n<p><strong>Visites dels Patges Reials a les b\u00fasties&nbsp;<\/strong><\/p>\n\n\n\n<p>Del 2 al 4 de gener de 2024&nbsp;<\/p>\n\n\n\n<p><strong>Taller de fanalets a les biblioteques&nbsp;<\/strong><\/p>\n\n\n\n<p>A c\u00e0rrec de Joan Sallas&nbsp;<\/p>\n\n\n\n<p>&#8211; Biblioteca Sant Roc. 18 de desembre. A les 18 hores&nbsp;<\/p>\n\n\n\n<p>&#8211; Biblioteca Llefi\u00e0-Xavier Soto. 20 de desembre. 17.30 i 18.30 hores&nbsp;<\/p>\n\n\n\n<p>&#8211; Biblioteca Lloreda. 21 de desembre. 17.30 i 18.30 hores&nbsp;<\/p>\n\n\n\n<p>&#8211; Biblioteca Canyad\u00f3 i Casagemes \u2013 Joan Argent\u00e9, 2 de gener. 17.30 i 18.30 hores&nbsp;<\/p>\n\n\n\n<p>&#8211; Biblioteca Pomar. 2 de gener. 17.30 i 18.30 hores.&nbsp;<\/p>\n\n\n\n<p>&#8211; Biblioteca Can Casacuberta. 4 de gener. 17.30 h i 18.30 hores.&nbsp;<\/p>\n\n\n\n<p><strong>Conte \u201cEl fanalet d\u2019en Tasi\u201d i Crida als Reis&nbsp;<\/strong><\/p>\n\n\n\n<p>A c\u00e0rrec de la companyia Sus4&nbsp;<\/p>\n\n\n\n<p>&#8211; Biblioteca Canyad\u00f3 i Casagemes \u2013 Joan Argent\u00e9. 19 de desembre. A les 17 hores&nbsp;<\/p>\n\n\n\n<p>&#8211; Biblioteca Can Casacuberta. 21 de desembre. A les 17.30 hores&nbsp;<\/p>\n\n\n\n<p>&#8211; Biblioteca Lloreda. 2 de gener, a les 17.30 hores.&nbsp;<\/p>\n\n\n\n<p>&#8211; Biblioteca Llefi\u00e0-Xavier Soto. 3 de gener. A les 17.30 hores&nbsp;<\/p>\n\n\n\n<p>&#8211; Biblioteca Pomar. 4 de gener. A les 17.30 hores&nbsp;<\/p>\n\n\n\n<p>&#8211; Biblioteca Sant Roc. 5 de gener. A les 11.30 hores&nbsp;<\/p>\n\n\n\n<p><strong>Els Reis al Port de Badalona&nbsp;<\/strong><\/p>\n\n\n\n<p>&nbsp;2, 3 i 4 de gener de 2024. Visita al vaixell i a les cabines dels Reis d\u2019Orient&nbsp;<\/p>\n\n\n\n<p><strong>Decoraci\u00f3 d\u2019edificis emblem\u00e0tics de la ciutat&nbsp;<\/strong><\/p>\n\n\n\n<p>Edificis emblem\u00e0tics de la ciutat com el Museu de Badalona, el BCIN (Badalona Centre Internacional de Negocis) o la casa de la Vila estaran decorats i il\u00b7luminats amb motius nadalencs<strong>.&nbsp;<\/strong><\/p>\n\n\n\n<p><strong>Mercats municipals de Badalona&nbsp;<\/strong><\/p>\n\n\n\n<p>Els mercats municipals de la ciutat s\u2019ompliran d\u2019activitats i animaci\u00f3 nadalenca amb l\u2019esperada aparici\u00f3 dels Tions gegants i espectacles musicals amb actors i tallers de manualitats per als m\u00e9s petits.&nbsp;<\/p>\n\n\n\n<p>Dissabte, 16 de desembre&nbsp;<\/p>\n\n\n\n<p>Mercats de Maignon, Torner i Pomar de 10.30 a 11.30 hores&nbsp;<\/p>\n\n\n\n<p>Mercats de la Salut, Llefi\u00e0 i Sant Roc de 13 a 14 hores&nbsp;<\/p>\n\n\n\n<p>Divendres, 22 de desembre&nbsp;<\/p>\n\n\n\n<p>Mercats de Maignon, Torner i Pomar de 10.30 a 11.30 hores&nbsp;<\/p>\n\n\n\n<p>Mercats de la Salut, Llefi\u00e0 i Sant Roc de 13 a 14 hores&nbsp;<\/p>\n\n\n\n<p>A la Fira de Nadal, ubicada a la pla\u00e7a de la Plana, de 18.30 a 19.30 hores&nbsp;<\/p>\n\n\n\n<p><strong>Un Nadal inclusiu&nbsp;<\/strong><\/p>\n\n\n\n<p>Per tal que tots els infants puguin gaudir del Nadal en igualtat de condicions, hi haur\u00e0:&nbsp;<\/p>\n\n\n\n<p>&#8211; Reserva d\u2019aparcament per a persones amb mobilitat redu\u00efda&nbsp;<\/p>\n\n\n\n<p>&#8211; Acc\u00e9s preferent sense cua al Campament Reial i a la Casa Pare Noel per a infants amb diversitat funcional, discapacitat intel\u00b7lectual i\/o trastorn mental. &nbsp;<\/p>\n\n\n\n<p>&#8211; Espai amigable amb reducci\u00f3 d\u2019est\u00edmuls de so i llum i sense aglomeracions al Campament Reial i a la Casa del Pare Noel, ni llan\u00e7aments de caramels a la Cavalcada. Es determinaran les franges per a les reserves o la ubicaci\u00f3.&nbsp;<\/p>\n\n\n\n<p>&#8211; Espai reservat per a infants amb diversitat funcional, discapacitat intel\u00b7lectual i\/o trastorn mental, a l\u2019acte rebuda dels Reis d\u2019Orient i a la Cavalcada.&nbsp;<\/p>\n\n\n\n<p>&#8211; Interpretaci\u00f3 llengua de signes a l\u2019acte de rebuda dels Reis, a la inauguraci\u00f3 de les llums de la pla\u00e7a de la Vila i a la Inauguraci\u00f3 de l\u2019arbre de Nadal de la pla\u00e7a del president Tarradellas.&nbsp;<\/p>\n","protected":false},"excerpt":{"rendered":"<p>L\u2019alcalde Xavier Garcia Albiol ha assegurat avui que Badalona tindr\u00e0 \u201cl\u2019arbre de Nadal m\u00e9s gran d\u2019Espanya, amb 40 metres d\u2019altura, 15 metres de di\u00e0metre i 82.000 punts de llums p\u00edxels que oferiran un gran espectacle de llum i m\u00fasica\u201d. L\u2019arbre de Nadal m\u00e9s alt, amb el seu espectacle lum\u00ednic i de so, \u00e9s una de [&hellip;]<\/p>\n","protected":false},"author":2,"featured_media":5915,"comment_status":"open","ping_status":"open","sticky":false,"template":"","format":"standard","meta":{"footnotes":""},"categories":[23,24],"tags":[],"class_list":{"0":"post-5914","1":"post","2":"type-post","3":"status-publish","4":"format-standard","5":"has-post-thumbnail","7":"category-actualitat","8":"category-societat"},"_links":{"self":[{"href":"https:\/\/areabadalona.com\/diario\/wp-json\/wp\/v2\/posts\/5914","targetHints":{"allow":["GET"]}}],"collection":[{"href":"https:\/\/areabadalona.com\/diario\/wp-json\/wp\/v2\/posts"}],"about":[{"href":"https:\/\/areabadalona.com\/diario\/wp-json\/wp\/v2\/types\/post"}],"author":[{"embeddable":true,"href":"https:\/\/areabadalona.com\/diario\/wp-json\/wp\/v2\/users\/2"}],"replies":[{"embeddable":true,"href":"https:\/\/areabadalona.com\/diario\/wp-json\/wp\/v2\/comments?post=5914"}],"version-history":[{"count":1,"href":"https:\/\/areabadalona.com\/diario\/wp-json\/wp\/v2\/posts\/5914\/revisions"}],"predecessor-version":[{"id":5916,"href":"https:\/\/areabadalona.com\/diario\/wp-json\/wp\/v2\/posts\/5914\/revisions\/5916"}],"wp:featuredmedia":[{"embeddable":true,"href":"https:\/\/areabadalona.com\/diario\/wp-json\/wp\/v2\/media\/5915"}],"wp:attachment":[{"href":"https:\/\/areabadalona.com\/diario\/wp-json\/wp\/v2\/media?parent=5914"}],"wp:term":[{"taxonomy":"category","embeddable":true,"href":"https:\/\/areabadalona.com\/diario\/wp-json\/wp\/v2\/categories?post=5914"},{"taxonomy":"post_tag","embeddable":true,"href":"https:\/\/areabadalona.com\/diario\/wp-json\/wp\/v2\/tags?post=5914"}],"curies":[{"name":"wp","href":"https:\/\/api.w.org\/{rel}","templated":true}]}}