{"id":5911,"date":"2023-10-25T08:51:24","date_gmt":"2023-10-25T08:51:24","guid":{"rendered":"https:\/\/areabadalona.com\/diario\/?p=5911"},"modified":"2023-10-25T08:51:24","modified_gmt":"2023-10-25T08:51:24","slug":"costura-i-glamur-al-museu-de-badalona","status":"publish","type":"post","link":"https:\/\/areabadalona.com\/diario\/2023\/10\/25\/costura-i-glamur-al-museu-de-badalona\/","title":{"rendered":"Costura i Glamur al Museu de Badalona\u00a0"},"content":{"rendered":"\n<p>El Museu de Badalona presenta l\u2019exposici\u00f3 <strong>Joan Antoni F\u00e0bregas. Costura i Glamur<\/strong>, dedicada al modista Joan Antoni F\u00e0bregas. La mostra, que es podr\u00e0 visitar del 26 d\u2019octubre de 2023 al 31 de mar\u00e7 de 2024, reunir\u00e0 un conjunt de vestits i complements dissenyats per F\u00e0bregas i anir\u00e0 acompanyada d\u2019un cat\u00e0leg.&nbsp;<\/p>\n\n\n\n<p>L\u2019acte inaugural tindr\u00e0 lloc aquest dijous 26 d\u2019octubre, a les 19 hores, amb la presentaci\u00f3 del cat\u00e0leg on es reconstrueix la biografia del modista i on es reprodueixen els dissenys que es troben a l\u2019exposici\u00f3, a m\u00e9s dels complements de brodats, botoneria, bosses, turbants, diademes o lligadures. &nbsp;<\/p>\n\n\n\n<p>Josep Casamartina i Parasols amb Ismael N\u00fa\u00f1ez Mu\u00f1oz, vinculats a la Fundaci\u00f3 Antoni de Montpalau i experts en la hist\u00f2ria de la moda i el t\u00e8xtil, han estat els responsables de fer la recerca, d\u2019elaborar els continguts i els textos i de seleccionar les peces exposades, algunes de les quals han estat cedides per la Fundaci\u00f3. L\u2019exposici\u00f3 presenta dotze vestits del fons Museu i 24 de la Fundaci\u00f3 Antoni de Montpalau.&nbsp;<\/p>\n\n\n\n<p>Nascut a Vilassar el 1942 i resident a Badalona des del 1973, Joan Antoni F\u00e0bregas es va iniciar en el m\u00f3n de la moda com a representant de teixits i complements per a l\u2019alta costura, fins que el 1975, animat per Pedro Rodr\u00edguez i Asunci\u00f3n Bastida, va comen\u00e7ar a dissenyar els seus propis models i va obrir una petita boutique a Badalona.&nbsp;<\/p>\n\n\n\n<p>Gr\u00e0cies a l\u2019\u00e8xit que va assolir el 1981 va inaugurar un establiment molt m\u00e9s gran a Barcelona, al carrer de Casanovas, 270, que ha estat en funcionament fins a la retirada del modista, el 2019. Abans, per\u00f2, va fer donaci\u00f3, tant a la Fundaci\u00f3 Antoni de Montpalau com al Museu de Badalona, de vestits i diferents materials que conservava.&nbsp;<\/p>\n\n\n\n<p>Amb l\u2019exposici\u00f3 que la publicaci\u00f3 del cat\u00e0leg, es vol donar les gr\u00e0cies per la seva generositat i fer-li un reconeixement com a figura destacada dins el m\u00f3n de la moda al nostre pa\u00eds.&nbsp;<\/p>\n\n\n\n<p>Horari de visites:&nbsp;<\/p>\n\n\n\n<p>De dimarts a divendres de 17 a 20 hores.&nbsp;<\/p>\n\n\n\n<p>Dissabtes de 10 a 14 h i de 17 a 20 hores&nbsp;<\/p>\n\n\n\n<p>Diumenges de 10 a 14 hores.&nbsp;<\/p>\n\n\n\n<p><strong>Activitats complement\u00e0ries&nbsp;<\/strong><\/p>\n\n\n\n<p>Dijous 18 de gener de 2024&nbsp;<\/p>\n\n\n\n<p><strong>Fil i agulla al taller<\/strong> de Joan Antoni F\u00e0bregas&nbsp;<\/p>\n\n\n\n<p>Taula rodona amb modistes del taller de Joan Antoni F\u00e0bregas, condu\u00efda i moderada per Ismael N\u00fa\u00f1ez Mu\u00f1oz i Josep Casamartina i Parassols, comissaris de l\u2019exposici\u00f3.&nbsp;<\/p>\n\n\n\n<p>Dijous 25 de gener de 2024&nbsp;<\/p>\n\n\n\n<p><strong>Les casulles de la Sagrada Fam\u00edlia<\/strong>&nbsp;<\/p>\n\n\n\n<p>Rosa M. Mart\u00edn i Ros, historiadora del teixit i de la moda.&nbsp;<\/p>\n\n\n\n<p>Dijous 1 de febrer de 2024&nbsp;<\/p>\n\n\n\n<p><strong>L\u2019art del brodat&nbsp;<\/strong><\/p>\n\n\n\n<p>Conversa entre les brodadores Yolanda Y\u00e1\u00f1ez i N\u00faria S\u00e1nchez amb Josep Casamartina i Parassols, director de la Fundaci\u00f3 Antoni de Montpalau.&nbsp;<\/p>\n","protected":false},"excerpt":{"rendered":"<p>El Museu de Badalona presenta l\u2019exposici\u00f3 Joan Antoni F\u00e0bregas. Costura i Glamur, dedicada al modista Joan Antoni F\u00e0bregas. La mostra, que es podr\u00e0 visitar del 26 d\u2019octubre de 2023 al 31 de mar\u00e7 de 2024, reunir\u00e0 un conjunt de vestits i complements dissenyats per F\u00e0bregas i anir\u00e0 acompanyada d\u2019un cat\u00e0leg.&nbsp; L\u2019acte inaugural tindr\u00e0 lloc aquest [&hellip;]<\/p>\n","protected":false},"author":2,"featured_media":5912,"comment_status":"open","ping_status":"open","sticky":false,"template":"","format":"standard","meta":{"footnotes":""},"categories":[23],"tags":[],"class_list":{"0":"post-5911","1":"post","2":"type-post","3":"status-publish","4":"format-standard","5":"has-post-thumbnail","7":"category-actualitat"},"_links":{"self":[{"href":"https:\/\/areabadalona.com\/diario\/wp-json\/wp\/v2\/posts\/5911","targetHints":{"allow":["GET"]}}],"collection":[{"href":"https:\/\/areabadalona.com\/diario\/wp-json\/wp\/v2\/posts"}],"about":[{"href":"https:\/\/areabadalona.com\/diario\/wp-json\/wp\/v2\/types\/post"}],"author":[{"embeddable":true,"href":"https:\/\/areabadalona.com\/diario\/wp-json\/wp\/v2\/users\/2"}],"replies":[{"embeddable":true,"href":"https:\/\/areabadalona.com\/diario\/wp-json\/wp\/v2\/comments?post=5911"}],"version-history":[{"count":1,"href":"https:\/\/areabadalona.com\/diario\/wp-json\/wp\/v2\/posts\/5911\/revisions"}],"predecessor-version":[{"id":5913,"href":"https:\/\/areabadalona.com\/diario\/wp-json\/wp\/v2\/posts\/5911\/revisions\/5913"}],"wp:featuredmedia":[{"embeddable":true,"href":"https:\/\/areabadalona.com\/diario\/wp-json\/wp\/v2\/media\/5912"}],"wp:attachment":[{"href":"https:\/\/areabadalona.com\/diario\/wp-json\/wp\/v2\/media?parent=5911"}],"wp:term":[{"taxonomy":"category","embeddable":true,"href":"https:\/\/areabadalona.com\/diario\/wp-json\/wp\/v2\/categories?post=5911"},{"taxonomy":"post_tag","embeddable":true,"href":"https:\/\/areabadalona.com\/diario\/wp-json\/wp\/v2\/tags?post=5911"}],"curies":[{"name":"wp","href":"https:\/\/api.w.org\/{rel}","templated":true}]}}