{"id":5908,"date":"2023-10-25T08:46:55","date_gmt":"2023-10-25T08:46:55","guid":{"rendered":"https:\/\/areabadalona.com\/diario\/?p=5908"},"modified":"2023-10-25T08:46:55","modified_gmt":"2023-10-25T08:46:55","slug":"badalona-ret-homenatge-a-les-persones-donants-de-sang-del-municipi-amb-un-monument","status":"publish","type":"post","link":"https:\/\/areabadalona.com\/diario\/2023\/10\/25\/badalona-ret-homenatge-a-les-persones-donants-de-sang-del-municipi-amb-un-monument\/","title":{"rendered":"Badalona ret homenatge a les persones donants de sang del municipi amb un monument\u00a0"},"content":{"rendered":"\n<p>Aquest proper <strong>dissabte, 28 d\u2019octubre, a les&nbsp; a les 11.30 hores, al Jard\u00ed de Ca l\u2019Amig\u00f3<\/strong>, ubicat al carrer de la Via Augusta, al costat de l\u2019Hospital Municipal, s\u2019inaugurar\u00e0 l\u2019escultura <em>Donants de sang<\/em>, de l\u2019artista maresmenc Joan Artigas Planas, que homenatge, precisament, a les persones de la ciutat que donen sang.&nbsp;<\/p>\n\n\n\n<p>L\u2019acte comptar\u00e0 amb la pres\u00e8ncia de l\u2019alcalde de Badalona, Xavier Garcia Albiol; de la quarta tinenta d\u2019alcaldia i regidora de l\u2019\u00c0mbit de Comunicaci\u00f3, Fons Europeus i Protecci\u00f3 a les Persones, Rosa del Amo; del vicepresident de l\u2019Associaci\u00f3 de Donants de Sang del Barcelon\u00e8s Nord, Diego L\u00f3pez; de la secret\u00e0ria general de la Federaci\u00f3 Catalana de Donants de Sang, Assumpta Lleonart, i de l\u2019escultor i autor de l\u2019obra Joan Artigas. &nbsp;<\/p>\n\n\n\n<p>Joan Artigas Planas va n\u00e9ixer a Vilassar de Dalt l\u2019any 1960 i \u00e9s llicenciat en escultura per la Facultat de Belles Arts de la Universitat de Barcelona. Artigas Planas \u00e9s un dels artistes catalans que m\u00e9s ha exposat en galeries i fires d&#8217;art d&#8217;arreu d&#8217;Europa i \u00c0sia. Va ser professor de l&#8217;Escola d&#8217;Art i Superior de Disseny Pau Gargallo de Badalona durant trenta-dos anys (1988-2020). Actualment treballa, de forma regular, en galeries d&#8217;art de Fran\u00e7a, Alemanya, Dinamarca, Su\u00e8cia, Hong Kong, Taiwan i Singapur.&nbsp;<\/p>\n\n\n\n<p>L\u2019obra, de dos metres d\u2019al\u00e7ada tallada en bronze, representa dues persones vistes de forma vertical amb el bra\u00e7 est\u00e8s amb una gota de sang entre elles. L\u2019escultura vol homenatjar a totes les persones que en alguna ocasi\u00f3 han col\u00b7laborat amb la donaci\u00f3 de sang de forma lliure i desinteressada.&nbsp;<\/p>\n\n\n\n<p>El projecte escult\u00f2ric anir\u00e0 acompanyat d\u2019una placa commemorativa en reconeixement a l\u2019esfor\u00e7 de les persones volunt\u00e0ries que en algun moment de la seva vida han volgut donar sang.&nbsp;<\/p>\n","protected":false},"excerpt":{"rendered":"<p>Aquest proper dissabte, 28 d\u2019octubre, a les&nbsp; a les 11.30 hores, al Jard\u00ed de Ca l\u2019Amig\u00f3, ubicat al carrer de la Via Augusta, al costat de l\u2019Hospital Municipal, s\u2019inaugurar\u00e0 l\u2019escultura Donants de sang, de l\u2019artista maresmenc Joan Artigas Planas, que homenatge, precisament, a les persones de la ciutat que donen sang.&nbsp; L\u2019acte comptar\u00e0 amb la [&hellip;]<\/p>\n","protected":false},"author":2,"featured_media":5909,"comment_status":"open","ping_status":"open","sticky":false,"template":"","format":"standard","meta":{"footnotes":""},"categories":[23,24],"tags":[],"class_list":{"0":"post-5908","1":"post","2":"type-post","3":"status-publish","4":"format-standard","5":"has-post-thumbnail","7":"category-actualitat","8":"category-societat"},"_links":{"self":[{"href":"https:\/\/areabadalona.com\/diario\/wp-json\/wp\/v2\/posts\/5908","targetHints":{"allow":["GET"]}}],"collection":[{"href":"https:\/\/areabadalona.com\/diario\/wp-json\/wp\/v2\/posts"}],"about":[{"href":"https:\/\/areabadalona.com\/diario\/wp-json\/wp\/v2\/types\/post"}],"author":[{"embeddable":true,"href":"https:\/\/areabadalona.com\/diario\/wp-json\/wp\/v2\/users\/2"}],"replies":[{"embeddable":true,"href":"https:\/\/areabadalona.com\/diario\/wp-json\/wp\/v2\/comments?post=5908"}],"version-history":[{"count":1,"href":"https:\/\/areabadalona.com\/diario\/wp-json\/wp\/v2\/posts\/5908\/revisions"}],"predecessor-version":[{"id":5910,"href":"https:\/\/areabadalona.com\/diario\/wp-json\/wp\/v2\/posts\/5908\/revisions\/5910"}],"wp:featuredmedia":[{"embeddable":true,"href":"https:\/\/areabadalona.com\/diario\/wp-json\/wp\/v2\/media\/5909"}],"wp:attachment":[{"href":"https:\/\/areabadalona.com\/diario\/wp-json\/wp\/v2\/media?parent=5908"}],"wp:term":[{"taxonomy":"category","embeddable":true,"href":"https:\/\/areabadalona.com\/diario\/wp-json\/wp\/v2\/categories?post=5908"},{"taxonomy":"post_tag","embeddable":true,"href":"https:\/\/areabadalona.com\/diario\/wp-json\/wp\/v2\/tags?post=5908"}],"curies":[{"name":"wp","href":"https:\/\/api.w.org\/{rel}","templated":true}]}}