{"id":5896,"date":"2023-10-20T08:18:12","date_gmt":"2023-10-20T08:18:12","guid":{"rendered":"https:\/\/areabadalona.com\/diario\/?p=5896"},"modified":"2023-10-23T08:18:51","modified_gmt":"2023-10-23T08:18:51","slug":"lajuntament-de-badalona-i-el-departament-de-drets-socials-de-la-generalitat-avancen-per-a-reactivar-el-consorci-badalona-sud","status":"publish","type":"post","link":"https:\/\/areabadalona.com\/diario\/2023\/10\/20\/lajuntament-de-badalona-i-el-departament-de-drets-socials-de-la-generalitat-avancen-per-a-reactivar-el-consorci-badalona-sud\/","title":{"rendered":"L\u2019Ajuntament de Badalona i el Departament de Drets Socials de la Generalitat avancen per a reactivar el Consorci Badalona Sud\u00a0"},"content":{"rendered":"\n<p>L\u2019alcalde de Badalona, Xavier Garc\u00eda Albiol, i el conseller de Drets Socials, Carles Campuzano, s\u2019han reunit aquesta tarda a la seu del Departament i han acordat continuar treballant per a poder reactivar el Consorci Badalona Sud i signar el corresponent acord en les properes setmanes. &nbsp;<\/p>\n\n\n\n<p>Amb la voluntat ja manifestada en la primera trobada mantinguda durant el juny d\u2019enguany, en el decurs de la reuni\u00f3 ambdues parts han constatat que els treballs realitats des d\u2019aleshores van avan\u00e7ant positivament per assolir l\u2019objectiu de formalitzar la reactivaci\u00f3 definitiva del Consorci. En aquest sentit tamb\u00e9 es podr\u00e0 implementar el Pla d\u2019integraci\u00f3 i transformaci\u00f3 del barri de Sant Roc i del seu entorn amb actuacions socials, laborals, culturals, educatives, sanit\u00e0ries i de seguretat a favor de la poblaci\u00f3 resident al sector d\u2019actuaci\u00f3. Tamb\u00e9 actuacions en el parc d\u2019habitatges i d\u2019execuci\u00f3 dels equipaments socials, culturals, educatius, sanitaris i esportius aix\u00ed com d\u2019altres adre\u00e7ades al seu desenvolupament econ\u00f2mic.&nbsp;<\/p>\n","protected":false},"excerpt":{"rendered":"<p>L\u2019alcalde de Badalona, Xavier Garc\u00eda Albiol, i el conseller de Drets Socials, Carles Campuzano, s\u2019han reunit aquesta tarda a la seu del Departament i han acordat continuar treballant per a poder reactivar el Consorci Badalona Sud i signar el corresponent acord en les properes setmanes. &nbsp; Amb la voluntat ja manifestada en la primera trobada [&hellip;]<\/p>\n","protected":false},"author":2,"featured_media":5897,"comment_status":"open","ping_status":"open","sticky":false,"template":"","format":"standard","meta":{"footnotes":""},"categories":[23],"tags":[],"class_list":{"0":"post-5896","1":"post","2":"type-post","3":"status-publish","4":"format-standard","5":"has-post-thumbnail","7":"category-actualitat"},"_links":{"self":[{"href":"https:\/\/areabadalona.com\/diario\/wp-json\/wp\/v2\/posts\/5896","targetHints":{"allow":["GET"]}}],"collection":[{"href":"https:\/\/areabadalona.com\/diario\/wp-json\/wp\/v2\/posts"}],"about":[{"href":"https:\/\/areabadalona.com\/diario\/wp-json\/wp\/v2\/types\/post"}],"author":[{"embeddable":true,"href":"https:\/\/areabadalona.com\/diario\/wp-json\/wp\/v2\/users\/2"}],"replies":[{"embeddable":true,"href":"https:\/\/areabadalona.com\/diario\/wp-json\/wp\/v2\/comments?post=5896"}],"version-history":[{"count":1,"href":"https:\/\/areabadalona.com\/diario\/wp-json\/wp\/v2\/posts\/5896\/revisions"}],"predecessor-version":[{"id":5898,"href":"https:\/\/areabadalona.com\/diario\/wp-json\/wp\/v2\/posts\/5896\/revisions\/5898"}],"wp:featuredmedia":[{"embeddable":true,"href":"https:\/\/areabadalona.com\/diario\/wp-json\/wp\/v2\/media\/5897"}],"wp:attachment":[{"href":"https:\/\/areabadalona.com\/diario\/wp-json\/wp\/v2\/media?parent=5896"}],"wp:term":[{"taxonomy":"category","embeddable":true,"href":"https:\/\/areabadalona.com\/diario\/wp-json\/wp\/v2\/categories?post=5896"},{"taxonomy":"post_tag","embeddable":true,"href":"https:\/\/areabadalona.com\/diario\/wp-json\/wp\/v2\/tags?post=5896"}],"curies":[{"name":"wp","href":"https:\/\/api.w.org\/{rel}","templated":true}]}}