{"id":5890,"date":"2023-10-20T11:53:36","date_gmt":"2023-10-20T11:53:36","guid":{"rendered":"https:\/\/areabadalona.com\/diario\/?p=5890"},"modified":"2023-10-20T11:53:36","modified_gmt":"2023-10-20T11:53:36","slug":"filmets-lliurara-aquest-dilluns-la-venus-dhonor-al-director-i-productor-lluis-minarro","status":"publish","type":"post","link":"https:\/\/areabadalona.com\/diario\/2023\/10\/20\/filmets-lliurara-aquest-dilluns-la-venus-dhonor-al-director-i-productor-lluis-minarro\/","title":{"rendered":"FILMETS lliurar\u00e0 aquest dilluns la Venus d&#8217;Honor al director i productor Llu\u00eds Mi\u00f1arro"},"content":{"rendered":"\n<p>El director i productor de cinema Llu\u00eds Mi\u00f1arro rebr\u00e0 aquest dilluns la Venus d&#8217;Honor de FILMETS Badalona Film Festival. El guard\u00f3 se li atorga en reconeixement a la seva fruct\u00edfera traject\u00f2ria d&#8217;\u00e8xit en el m\u00f3n del cinema durant tota la seva vida professional.<\/p>\n\n\n\n<p><strong>El lliurament de la Venus d&#8217;Honor al director i productor Llu\u00eds Mi\u00f1arro ser\u00e0 aquest dilluns 23 d&#8217;octubre, a les 16.30 hores, al Teatre Zorrilla de Badalona.<\/strong><\/p>\n\n\n\n<p>Llu\u00eds Mi\u00f1arro rebr\u00e0 el guard\u00f3 just abans de comen\u00e7ar la sessi\u00f3 FILMETS Campus, que omple tot el teatre d&#8217;estudiants de les escoles de cinema de Catalunya. Precisament, un cop rebuda la Venus d&#8217;Honor, Llu\u00eds Mi\u00f1arro mantindr\u00e0 un col\u00b7loqui obert amb tots aquests estudiants.<\/p>\n\n\n\n<p><strong>Director i productor amb una Palma d&#8217;Or de Canes<\/strong><\/p>\n\n\n\n<p>Llu\u00eds Mi\u00f1arro, nascut a Barcelona, ha dirigit les pel\u00b7l\u00edcules &#8216;Love me not&#8217; (2019), &#8216;Stella candente&#8217; (2014), &#8216;Blow Horn&#8217; (2009 i &#8216;Familystrip&#8217; (2009).<\/p>\n\n\n\n<p>L&#8217;any 1989 va fundar Eddie Saeta. Ha produ\u00eft m\u00e9s de 45 llargmetratges reconeguts internacionalment amb m\u00e9s de 140 premis. D&#8217;aquests premis cal destacar la Palma d&#8217;Or de Canes 2010 amb la pel\u00b7l\u00edcula &#8216;Uncle Boonmee who can recall his past lives&#8217; d&#8217;Apichatpong Weerasethakul. Tamb\u00e9 ha participat en films de Manoel de Oliveira, Lisandro Alonso, Naomi Kawase, Albert Serra, Marc Recha, Jos\u00e9 Luis Guer\u00edn o Javier Rebollo.<\/p>\n\n\n\n<p>Ha estat jurat en festival com Locarno, Karlovy Vary o Sant Sebasti\u00e0. L&#8217;any 2020 va organitzar un cicle de cineastes catalans al Festival de Nara (Jap\u00f3) amb la col\u00b7laboraci\u00f3 de l&#8217;Institut Ramon Llull.<\/p>\n\n\n\n<p>Llu\u00eds Mi\u00f1arro ha estat Premi Ciutat de Barcelona 2010 i Premi Pep\u00f3n Coromina 2020.<\/p>\n","protected":false},"excerpt":{"rendered":"<p>El director i productor de cinema Llu\u00eds Mi\u00f1arro rebr\u00e0 aquest dilluns la Venus d&#8217;Honor de FILMETS Badalona Film Festival. El guard\u00f3 se li atorga en reconeixement a la seva fruct\u00edfera traject\u00f2ria d&#8217;\u00e8xit en el m\u00f3n del cinema durant tota la seva vida professional. El lliurament de la Venus d&#8217;Honor al director i productor Llu\u00eds Mi\u00f1arro [&hellip;]<\/p>\n","protected":false},"author":2,"featured_media":5891,"comment_status":"open","ping_status":"open","sticky":false,"template":"","format":"standard","meta":{"footnotes":""},"categories":[23,25],"tags":[],"class_list":{"0":"post-5890","1":"post","2":"type-post","3":"status-publish","4":"format-standard","5":"has-post-thumbnail","7":"category-actualitat","8":"category-cultura"},"_links":{"self":[{"href":"https:\/\/areabadalona.com\/diario\/wp-json\/wp\/v2\/posts\/5890","targetHints":{"allow":["GET"]}}],"collection":[{"href":"https:\/\/areabadalona.com\/diario\/wp-json\/wp\/v2\/posts"}],"about":[{"href":"https:\/\/areabadalona.com\/diario\/wp-json\/wp\/v2\/types\/post"}],"author":[{"embeddable":true,"href":"https:\/\/areabadalona.com\/diario\/wp-json\/wp\/v2\/users\/2"}],"replies":[{"embeddable":true,"href":"https:\/\/areabadalona.com\/diario\/wp-json\/wp\/v2\/comments?post=5890"}],"version-history":[{"count":1,"href":"https:\/\/areabadalona.com\/diario\/wp-json\/wp\/v2\/posts\/5890\/revisions"}],"predecessor-version":[{"id":5892,"href":"https:\/\/areabadalona.com\/diario\/wp-json\/wp\/v2\/posts\/5890\/revisions\/5892"}],"wp:featuredmedia":[{"embeddable":true,"href":"https:\/\/areabadalona.com\/diario\/wp-json\/wp\/v2\/media\/5891"}],"wp:attachment":[{"href":"https:\/\/areabadalona.com\/diario\/wp-json\/wp\/v2\/media?parent=5890"}],"wp:term":[{"taxonomy":"category","embeddable":true,"href":"https:\/\/areabadalona.com\/diario\/wp-json\/wp\/v2\/categories?post=5890"},{"taxonomy":"post_tag","embeddable":true,"href":"https:\/\/areabadalona.com\/diario\/wp-json\/wp\/v2\/tags?post=5890"}],"curies":[{"name":"wp","href":"https:\/\/api.w.org\/{rel}","templated":true}]}}