{"id":5887,"date":"2023-10-19T11:22:11","date_gmt":"2023-10-19T11:22:11","guid":{"rendered":"https:\/\/areabadalona.com\/diario\/?p=5887"},"modified":"2023-10-19T11:22:12","modified_gmt":"2023-10-19T11:22:12","slug":"presentada-la-magic-bdn-running-que-tornara-a-unir-solidaritat-esport-i-badalona-el-proxim-29-doctubre","status":"publish","type":"post","link":"https:\/\/areabadalona.com\/diario\/2023\/10\/19\/presentada-la-magic-bdn-running-que-tornara-a-unir-solidaritat-esport-i-badalona-el-proxim-29-doctubre\/","title":{"rendered":"Presentada la M\u00e0gic BDN Running, que tornar\u00e0 a unir solidaritat, esport i Badalona el pr\u00f2xim 29 d\u2019octubre"},"content":{"rendered":"\n<p>Badalona torna a tenir <strong>una cita amb l\u2019esport popular i la solidaritat<\/strong> el pr\u00f2xim diumenge 29 d\u2019octubre. La <strong>M\u00e0gic BDN Running celebra 12 edicions<\/strong> amb ganes de tornar als carrers de la ciutat i omplir-los d\u2019esport i de l\u2019ambient m\u00e9s festiu que caracteritza aquesta prova. Aix\u00ed s\u2019ha presentat <strong>aquest dijous 19 d\u2019octubre<\/strong> a la roda de premsa, on s\u2019han tractat els temes principals d\u2019aquesta nova edici\u00f3 de la cursa.<\/p>\n\n\n\n<p>L\u2019acte ha comptat amb la pres\u00e8ncia de <strong>Xavier Garc\u00eda Albiol,<\/strong> alcalde de Badalona; <strong>Juan Fern\u00e1ndez,<\/strong> primer tinent d\u2019alcalde i regidor d\u2019Esports; <strong>Juan Portillo,<\/strong> regidor adjunt d\u2019Esports; <strong>Guillem Franquesa,<\/strong> representant de l\u2019associaci\u00f3 Badalona Running; <strong>Patricia Aloc\u00e9n,<\/strong> delegada de la Fundaci\u00f3 \u201cla Caixa\u201d a Catalunya; i <strong>Cl\u00e0udia Nogu\u00e9s<\/strong>, membre de l&#8217;equip d&#8217;Iniciatives Solid\u00e0ries de la Fundaci\u00f3 Josep Carreras.<\/p>\n\n\n\n<p>Un any m\u00e9s, la Cursa tindr\u00e0 els tres circuits principals \u2013el 5K, el 10K i els Infantils\u2013 amb el punt de <strong>sortida des de la pla\u00e7a President Tarradellas,<\/strong> molt a prop del Centre Comercial M\u00e0gic Badalona. El tret de sortida del 5K ser\u00e0 a les 9:15h, el de 10K a les 10:00h i el de les Curses Infantils a les 11:45h.<\/p>\n\n\n\n<p>\u201cNo \u00e9s una cursa m\u00e9s, va n\u00e9ixer ja fa 12 anys i combina l\u2019esport la solidaritat i Badalona\u201d, assenyalava l\u2019alcalde de Badalona, <strong>Xavier Garc\u00eda Albiol<\/strong>, refor\u00e7ant el comprom\u00eds de la ciutat amb els valors de l\u2019esport i la solidaritat, que representen tamb\u00e9 aquesta cursa. \u201cDurant aquests 4 anys tindreu tota la nostra col\u00b7laboraci\u00f3\u00bb va afegir l&#8217;alcalde, comprometent-se a seguir donant suport a la cursa \u00abperqu\u00e8 ens ho creiem, perqu\u00e8 projecta la imatge que correspon a Badalona i \u00e9s bo per tota la societat\u00bb.<\/p>\n\n\n\n<p><strong>Guillem Franquesa,<\/strong> representant de l\u2019associaci\u00f3 Badalona Running, ha destacat que en aquesta edici\u00f3 \u201cvolem rendir homenatge a totes aquelles persones que any rere any fan possible la cursa\u201d, fent al\u00b7lusi\u00f3 directa al lema d\u2019aquest any \u2018Feta per tothom!\u2019.<\/p>\n\n\n\n<p><strong>Comprom\u00eds solidari<\/strong><\/p>\n\n\n\n<p>Durant l\u2019acte s\u2019ha posat especial \u00e8mfasi en la causa solid\u00e0ria que sempre acompanya la Cursa. Aquest pilar de la M\u00e0gic BDN Running \u00e9s un homenatge a l\u2019atleta badalon\u00ed <strong>Luis Condon,<\/strong> que va morir el 2011 a causa de leuc\u00e8mia.<\/p>\n\n\n\n<p>L\u2019organitzaci\u00f3, en aquest sentit, dona 1 euro de cada inscripci\u00f3 a la Fundaci\u00f3 Josep Carreras per contribuir a la lluita contra aquesta malaltia, a m\u00e9s de promocionar el <strong>\u2018Dorsal Imparable\u2019, un dorsal especial<\/strong> per aquells i aquelles participants que vulguin fer una donaci\u00f3 extra de 10 euros a la Fundaci\u00f3.<\/p>\n\n\n\n<p>D\u2019aquesta manera, durant les 11 edicions anteriors s\u2019han recaptat 51.000 euros. Aquest esdeveniment, com ha destacat <strong>Cl\u00e0udia Nogu\u00e9s<\/strong>, membre de l&#8217;equip d&#8217;Iniciatives Solid\u00e0ries de la Fundaci\u00f3 Josep Carreras, els permet \u201ccaptar recursos per a la investigaci\u00f3 i, a la vegada, fer divulgaci\u00f3 sobre la nostra activitat a la ciutat de Badalona, que acull la seu del nostre Institut d\u2019Investigaci\u00f3 Contra la Leuc\u00e8mia al Campus Can Ruti, un equipament \u00fanic a Europa\u201d.<\/p>\n\n\n\n<p>Per altra banda, la Cursa col\u00b7labora amb les entitats socials de la ciutat a trav\u00e9s del projecte <strong>\u2018Tots\/es correm!\u2019,<\/strong> una iniciativa conjunta amb la Fundaci\u00f3 \u201cla Caixa\u201d, a trav\u00e9s de CaixaBank, que apropa la M\u00e0gic BDN Running a infants i adolescents en situaci\u00f3 de vulnerabilitat, i a persones amb diversitat funcional. Patricia Aloc\u00e9n, delegada de la Fundaci\u00f3 \u201cla Caixa\u201d a Catalunya ha destacat \u201cla consolidaci\u00f3 del programa que enguany espera poder superar la cinquantena de participants\u201d.<\/p>\n\n\n\n<p><strong>Feta per tothom<\/strong><\/p>\n\n\n\n<p><strong>El lema d\u2019aquest any \u2018Feta per tothom\u2019<\/strong> rendeix homenatge a totes aquelles persones que, d\u2019una manera o altra, aconsegueixen any rere any fer que la M\u00e0gic BDN Running sigui molt m\u00e9s que una cursa, amb la seva participaci\u00f3.<\/p>\n\n\n\n<p>I \u00e9s que despr\u00e9s d\u2019onze anys unint esport, solidaritat i Badalona, la M\u00e0gic BDN Running segueix creixent, tamb\u00e9 gr\u00e0cies a les institucions, als col\u00b7laboradors i a trav\u00e9s de l\u2019acci\u00f3 solid\u00e0ria i la multitud d\u2019iniciatives socials i valors que la Cursa promou.<\/p>\n\n\n\n<p>Durant la roda de premsa tamb\u00e9<strong> s\u2019ha presentat la samarreta oficial <\/strong>de la Cursa que, enguany, mostra els tres personatges protagonistes de la campanya, les Badarunners, qui representen i personifiquen els tres pilars de la cursa: el <em>running<\/em>, la solidaritat i Badalona. I \u00e9s que darrere de cadascun d\u2019aquests pilars tamb\u00e9 hi ha moltes persones que els representen i a qui es vol rendir homenatge.<\/p>\n\n\n\n<p>La <strong>M\u00e0gic BDN Running<\/strong> \u00e9s una cursa amb <strong>un recorregut r\u00e0pid i molt pla,<\/strong> ideal tant per fer <img loading=\"lazy\" decoding=\"async\" width=\"798\" height=\"2\" src=\"\">bones marques com per aquelles persones que <strong>s\u2019inicien en el m\u00f3n del running.<\/strong> A m\u00e9s, transcorre pels llocs m\u00e9s emblem\u00e0tics de Badalona, en bona part al costat del mar. Les inscripcions segueixen obertes, per apuntar-s\u2019hi cal accedir al <a href=\"https:\/\/magicbdnrunning.cat\/\">web de la M\u00e0gic BDN Running<\/a>.<\/p>\n","protected":false},"excerpt":{"rendered":"<p>Badalona torna a tenir una cita amb l\u2019esport popular i la solidaritat el pr\u00f2xim diumenge 29 d\u2019octubre. La M\u00e0gic BDN Running celebra 12 edicions amb ganes de tornar als carrers de la ciutat i omplir-los d\u2019esport i de l\u2019ambient m\u00e9s festiu que caracteritza aquesta prova. Aix\u00ed s\u2019ha presentat aquest dijous 19 d\u2019octubre a la roda [&hellip;]<\/p>\n","protected":false},"author":2,"featured_media":5888,"comment_status":"open","ping_status":"open","sticky":false,"template":"","format":"standard","meta":{"footnotes":""},"categories":[26],"tags":[],"class_list":{"0":"post-5887","1":"post","2":"type-post","3":"status-publish","4":"format-standard","5":"has-post-thumbnail","7":"category-esports"},"_links":{"self":[{"href":"https:\/\/areabadalona.com\/diario\/wp-json\/wp\/v2\/posts\/5887","targetHints":{"allow":["GET"]}}],"collection":[{"href":"https:\/\/areabadalona.com\/diario\/wp-json\/wp\/v2\/posts"}],"about":[{"href":"https:\/\/areabadalona.com\/diario\/wp-json\/wp\/v2\/types\/post"}],"author":[{"embeddable":true,"href":"https:\/\/areabadalona.com\/diario\/wp-json\/wp\/v2\/users\/2"}],"replies":[{"embeddable":true,"href":"https:\/\/areabadalona.com\/diario\/wp-json\/wp\/v2\/comments?post=5887"}],"version-history":[{"count":1,"href":"https:\/\/areabadalona.com\/diario\/wp-json\/wp\/v2\/posts\/5887\/revisions"}],"predecessor-version":[{"id":5889,"href":"https:\/\/areabadalona.com\/diario\/wp-json\/wp\/v2\/posts\/5887\/revisions\/5889"}],"wp:featuredmedia":[{"embeddable":true,"href":"https:\/\/areabadalona.com\/diario\/wp-json\/wp\/v2\/media\/5888"}],"wp:attachment":[{"href":"https:\/\/areabadalona.com\/diario\/wp-json\/wp\/v2\/media?parent=5887"}],"wp:term":[{"taxonomy":"category","embeddable":true,"href":"https:\/\/areabadalona.com\/diario\/wp-json\/wp\/v2\/categories?post=5887"},{"taxonomy":"post_tag","embeddable":true,"href":"https:\/\/areabadalona.com\/diario\/wp-json\/wp\/v2\/tags?post=5887"}],"curies":[{"name":"wp","href":"https:\/\/api.w.org\/{rel}","templated":true}]}}