{"id":5884,"date":"2023-10-19T11:19:01","date_gmt":"2023-10-19T11:19:01","guid":{"rendered":"https:\/\/areabadalona.com\/diario\/?p=5884"},"modified":"2023-10-19T11:19:02","modified_gmt":"2023-10-19T11:19:02","slug":"la-prevencio-del-maltractament-tema-de-la-iv-jornada-de-gent-gran-a-badalona","status":"publish","type":"post","link":"https:\/\/areabadalona.com\/diario\/2023\/10\/19\/la-prevencio-del-maltractament-tema-de-la-iv-jornada-de-gent-gran-a-badalona\/","title":{"rendered":"La prevenci\u00f3 del maltractament, tema de la IV Jornada de Gent Gran a Badalona"},"content":{"rendered":"\n<p><strong>\u201cPrevenci\u00f3 del maltractament a les persones grans, una realitat invisibilitzada\u201d<\/strong> \u00e9s el t\u00edtol de la IV Jornada de Gent Gran a Badalona, que tindr\u00e0 lloc dijous 26 d\u2019octubre al Centre C\u00edvic La Salut. El grup d\u2019entitats socials La Teranyina, entitats que treballen en l\u2019\u00e0mbit de la gent gran a la ciutat de Badalona, organitza aquesta Jornada. \u00c9s <strong>oberta a la ciutadania pr\u00e8via inscripci\u00f3 <\/strong>a trav\u00e9s d\u2019aquest formulari:<a href=\"https:\/\/forms.gle\/HdGzzPqtpMzktuxWA\">https:\/\/forms.gle\/HdGzzPqtpMzktuxWA<\/a><\/p>\n\n\n\n<p>La trobada inclou una <strong>jornada t\u00e8cnica al mat\u00ed <\/strong>amb una pon\u00e8ncia a c\u00e0rrec de l\u2019advocat Jordi Mu\u00f1oz sobre la situaci\u00f3 actual en relaci\u00f3 amb el maltractament a la gent gran. Tamb\u00e9 hi haur\u00e0, entre d\u2019altres, uns tallers grupals de casos pr\u00e0ctics a c\u00e0rrec de l\u2019Equip d\u2019Atenci\u00f3 a la Vellesa de l\u2019Anoia (EAVA), un servei que va ser creat per atendre a persones grans en situaci\u00f3 de maltractament.<\/p>\n\n\n\n<p>A la tarda es far\u00e0 una activitat l\u00fadicaamb animaci\u00f3 musical per a persones grans, al mateix Centre C\u00edvic La Salut.&nbsp;<\/p>\n\n\n\n<p>La Jornada compta amb el suport de la Fundaci\u00f3 Llegat Roca i Pi, l\u2019Ajuntament de Badalona, Badalona Serveis Assistencials (BSA) i l\u2019ICS.<\/p>\n","protected":false},"excerpt":{"rendered":"<p>\u201cPrevenci\u00f3 del maltractament a les persones grans, una realitat invisibilitzada\u201d \u00e9s el t\u00edtol de la IV Jornada de Gent Gran a Badalona, que tindr\u00e0 lloc dijous 26 d\u2019octubre al Centre C\u00edvic La Salut. El grup d\u2019entitats socials La Teranyina, entitats que treballen en l\u2019\u00e0mbit de la gent gran a la ciutat de Badalona, organitza aquesta [&hellip;]<\/p>\n","protected":false},"author":1,"featured_media":5885,"comment_status":"open","ping_status":"open","sticky":false,"template":"","format":"standard","meta":{"footnotes":""},"categories":[23,24],"tags":[],"class_list":{"0":"post-5884","1":"post","2":"type-post","3":"status-publish","4":"format-standard","5":"has-post-thumbnail","7":"category-actualitat","8":"category-societat"},"_links":{"self":[{"href":"https:\/\/areabadalona.com\/diario\/wp-json\/wp\/v2\/posts\/5884","targetHints":{"allow":["GET"]}}],"collection":[{"href":"https:\/\/areabadalona.com\/diario\/wp-json\/wp\/v2\/posts"}],"about":[{"href":"https:\/\/areabadalona.com\/diario\/wp-json\/wp\/v2\/types\/post"}],"author":[{"embeddable":true,"href":"https:\/\/areabadalona.com\/diario\/wp-json\/wp\/v2\/users\/1"}],"replies":[{"embeddable":true,"href":"https:\/\/areabadalona.com\/diario\/wp-json\/wp\/v2\/comments?post=5884"}],"version-history":[{"count":1,"href":"https:\/\/areabadalona.com\/diario\/wp-json\/wp\/v2\/posts\/5884\/revisions"}],"predecessor-version":[{"id":5886,"href":"https:\/\/areabadalona.com\/diario\/wp-json\/wp\/v2\/posts\/5884\/revisions\/5886"}],"wp:featuredmedia":[{"embeddable":true,"href":"https:\/\/areabadalona.com\/diario\/wp-json\/wp\/v2\/media\/5885"}],"wp:attachment":[{"href":"https:\/\/areabadalona.com\/diario\/wp-json\/wp\/v2\/media?parent=5884"}],"wp:term":[{"taxonomy":"category","embeddable":true,"href":"https:\/\/areabadalona.com\/diario\/wp-json\/wp\/v2\/categories?post=5884"},{"taxonomy":"post_tag","embeddable":true,"href":"https:\/\/areabadalona.com\/diario\/wp-json\/wp\/v2\/tags?post=5884"}],"curies":[{"name":"wp","href":"https:\/\/api.w.org\/{rel}","templated":true}]}}