{"id":5881,"date":"2023-10-18T10:30:38","date_gmt":"2023-10-18T10:30:38","guid":{"rendered":"https:\/\/areabadalona.com\/diario\/?p=5881"},"modified":"2023-10-18T10:30:38","modified_gmt":"2023-10-18T10:30:38","slug":"badalona-participa-aquest-diumenge-en-la-6a-edicio-de-la-campanya-accio-platges-met-de-sensibilitzacio-ciutadana-sobre-els-valors-dels-ecosistemes-litorals-metropolitans","status":"publish","type":"post","link":"https:\/\/areabadalona.com\/diario\/2023\/10\/18\/badalona-participa-aquest-diumenge-en-la-6a-edicio-de-la-campanya-accio-platges-met-de-sensibilitzacio-ciutadana-sobre-els-valors-dels-ecosistemes-litorals-metropolitans\/","title":{"rendered":"Badalona participa aquest diumenge en la 6a edici\u00f3 de la campanya Acci\u00f3 Platges Met de sensibilitzaci\u00f3 ciutadana sobre els valors dels ecosistemes litorals metropolitans\u00a0"},"content":{"rendered":"\n<p>Les platges metropolitanes no s\u00f3n nom\u00e9s indrets d&#8217;esbarjo on poder prendre el sol, sin\u00f3 tamb\u00e9 ecosistemes de gran import\u00e0ncia per a la conservaci\u00f3 del litoral. Amb la jornada participativa, conjunta i simult\u00e0nia del pr\u00f2xim diumenge 22 d\u2019octubre, a les platges de Castelldefels, Gav\u00e0, Viladecans, el Prat de Llobregat, Barcelona, Sant Adri\u00e0 de Bes\u00f2s, Badalona i Montgat ,es portaran a terme accions que consistiran en l\u2019observaci\u00f3 de la biodiversitat emmarcades dins del projecte europeu BioPlatgesMet de l\u2019\u00c0rea Metropolitana de Barcelona&nbsp;<\/p>\n\n\n\n<p>Aquestes accions, on la ciutadania n\u2019\u00e9s la protagonista principal, serveixen per aportar informaci\u00f3 molt valuosa, amb les dades recollides, per con\u00e8ixer l\u2019estat dels ecosistemes i prendre decisions per a la gesti\u00f3 de la seva millora, fent front a reptes com els dels efectes del canvi clim\u00e0tic.&nbsp;<\/p>\n\n\n\n<p>A Badalona, l&#8217;Escola del Mar hi far\u00e0 l\u2019activitat adre\u00e7ada al p\u00fablic familiar \u201cRecompte d\u2019esp\u00e8cies per al projecte europeu BioPlatgesMet\u201d. L\u2019activitat es far\u00e0 a la platja de la Marina (al costat del Port de Badalona). Aquesta activitat, condu\u00efda per t\u00e8cnics de l\u2019Escola del Mar, posar\u00e0 \u00e8mfasi en la sorprenent biodiversitat que hi ha al litoral de Badalona, tenint en compte que es tracta d\u2019una platja urbana. Es far\u00e0 una passejada per la platja tot observant i recollint all\u00f2 que el mar porta a la sorra, per\u00f2 tamb\u00e9 s\u2019observaran i es far\u00e0 inventari dels organismes marins que viuen a la zona menys fonda de l\u2019escullera i de la platja. Durant l\u2019activitat s\u2019explicar\u00e0 i analitzar\u00e0 el que s\u2019ha observat i, alhora, es far\u00e0 una reflexi\u00f3 sobre la influ\u00e8ncia de l&#8217;impacte hum\u00e0 al litoral badalon\u00ed.&nbsp;<\/p>\n\n\n\n<p>La regidora de Medi Ambient de l\u2019Ajuntament de Badalona, S\u00f2nia Egea, assenyala que: \u201caquestes accions, que compten amb la implicaci\u00f3 ciutadana, fan visibles els reptes que s\u2019han d\u2019afrontar en la gesti\u00f3 de les platges. A m\u00e9s, aquest tipus d\u2019accions posen en relleu la import\u00e0ncia que tenen els ecosistemes litorals i les platges com a espais de natura i de biodiversitat. Tamb\u00e9 fan visibles a la ciutadania els esfor\u00e7os i la gesti\u00f3 que cal fer des de les administracions p\u00fabliques per tal de minimitzar el canvi clim\u00e0tic i la p\u00e8rdua de sorra de les platges\u201d.&nbsp;<\/p>\n\n\n\n<p>Activitat amb inscripci\u00f3 pr\u00e8via a: <a href=\"mailto:activitatsmetropolitanes@bcn.cat\">activitatsmetropolitanes@bcn.cat<\/a>&nbsp;&nbsp;<\/p>\n\n\n\n<p>Tel\u00e8fon: 93 256 22 20 (fins divendres 21 a les 13 hores)&nbsp;<\/p>\n\n\n\n<p>L\u2019activitat tindr\u00e0 lloc de les 10.30 a les 13 hores&nbsp;<\/p>\n\n\n\n<p>Punt de trobada: Rotonda del port de Badalona al carrer d\u2019Eduard Maristany.&nbsp;<\/p>\n\n\n\n<p>Edats a qui s\u2019adre\u00e7a: p\u00fablic familiar, es recomana amb infants a partir de 8 anys.&nbsp;<\/p>\n","protected":false},"excerpt":{"rendered":"<p>Les platges metropolitanes no s\u00f3n nom\u00e9s indrets d&#8217;esbarjo on poder prendre el sol, sin\u00f3 tamb\u00e9 ecosistemes de gran import\u00e0ncia per a la conservaci\u00f3 del litoral. Amb la jornada participativa, conjunta i simult\u00e0nia del pr\u00f2xim diumenge 22 d\u2019octubre, a les platges de Castelldefels, Gav\u00e0, Viladecans, el Prat de Llobregat, Barcelona, Sant Adri\u00e0 de Bes\u00f2s, Badalona i [&hellip;]<\/p>\n","protected":false},"author":2,"featured_media":5882,"comment_status":"open","ping_status":"open","sticky":false,"template":"","format":"standard","meta":{"footnotes":""},"categories":[23],"tags":[],"class_list":{"0":"post-5881","1":"post","2":"type-post","3":"status-publish","4":"format-standard","5":"has-post-thumbnail","7":"category-actualitat"},"_links":{"self":[{"href":"https:\/\/areabadalona.com\/diario\/wp-json\/wp\/v2\/posts\/5881","targetHints":{"allow":["GET"]}}],"collection":[{"href":"https:\/\/areabadalona.com\/diario\/wp-json\/wp\/v2\/posts"}],"about":[{"href":"https:\/\/areabadalona.com\/diario\/wp-json\/wp\/v2\/types\/post"}],"author":[{"embeddable":true,"href":"https:\/\/areabadalona.com\/diario\/wp-json\/wp\/v2\/users\/2"}],"replies":[{"embeddable":true,"href":"https:\/\/areabadalona.com\/diario\/wp-json\/wp\/v2\/comments?post=5881"}],"version-history":[{"count":1,"href":"https:\/\/areabadalona.com\/diario\/wp-json\/wp\/v2\/posts\/5881\/revisions"}],"predecessor-version":[{"id":5883,"href":"https:\/\/areabadalona.com\/diario\/wp-json\/wp\/v2\/posts\/5881\/revisions\/5883"}],"wp:featuredmedia":[{"embeddable":true,"href":"https:\/\/areabadalona.com\/diario\/wp-json\/wp\/v2\/media\/5882"}],"wp:attachment":[{"href":"https:\/\/areabadalona.com\/diario\/wp-json\/wp\/v2\/media?parent=5881"}],"wp:term":[{"taxonomy":"category","embeddable":true,"href":"https:\/\/areabadalona.com\/diario\/wp-json\/wp\/v2\/categories?post=5881"},{"taxonomy":"post_tag","embeddable":true,"href":"https:\/\/areabadalona.com\/diario\/wp-json\/wp\/v2\/tags?post=5881"}],"curies":[{"name":"wp","href":"https:\/\/api.w.org\/{rel}","templated":true}]}}