{"id":5878,"date":"2023-10-18T10:29:53","date_gmt":"2023-10-18T10:29:53","guid":{"rendered":"https:\/\/areabadalona.com\/diario\/?p=5878"},"modified":"2023-10-18T10:29:54","modified_gmt":"2023-10-18T10:29:54","slug":"lhospital-germans-trias-a-punt-per-apropar-filmets-badalona-film-festival-a-pacients-professionals-i-usuaris-del-centre-sanitari","status":"publish","type":"post","link":"https:\/\/areabadalona.com\/diario\/2023\/10\/18\/lhospital-germans-trias-a-punt-per-apropar-filmets-badalona-film-festival-a-pacients-professionals-i-usuaris-del-centre-sanitari\/","title":{"rendered":"L&#8217;Hospital Germans Trias, a punt per apropar FILMETS Badalona Film Festival a pacients, professionals i usuaris del centre sanitari"},"content":{"rendered":"\n<p>L\u2019Hospital Germans Trias i FILMETS Badalona Film Festival mantenen la seva col\u00b7laboraci\u00f3 per apropar una nova edici\u00f3 d\u2019aquest festival de curtmetratges als pacients, i professionals i usuaris del centre sanitari badalon\u00ed.<\/p>\n\n\n\n<p>Gr\u00e0cies a aquesta col\u00b7laboraci\u00f3, els pacients hospitalitzats al Germans Trias podran tornar a gaudir gratu\u00eftament de diferents sessions de curtmetratges a la televisi\u00f3 de la seva habitaci\u00f3 durant les setmanes del festival, que enguany arriba a la 49a edici\u00f3 i que se celebra del 20 al 28 d\u2019octubre. Tamb\u00e9 en podran gaudir els infants ingressats, pels qual s\u2019ha fet una selecci\u00f3 concreta de curts que podran veure a les seves estances.<\/p>\n\n\n\n<p>Enguany es mantenen dues novetats engegades en l\u2019edici\u00f3 de l\u2019any passat. D\u2019una banda, l\u2019hospital repartir\u00e0 el programa \u00edntegre del festival entre les habitacions i altres punts del centre, per despertar entre els pacients l\u2019inter\u00e8s i la seva participaci\u00f3 al festival.<\/p>\n\n\n\n<p>De l\u2019altra, la sala d\u2019actes de l\u2019Hospital Germans Trias repetir\u00e0 com a seu de FILMETS amb una sessi\u00f3 de projecci\u00f3 gratu\u00efta de curtmetratges. Ser\u00e0, concretament, divendres 27 d\u2019octubre, a partir de les 11h, quan l\u2019espai esdevindr\u00e0 sala de cinema i punt de trobada per a tothom que, durant poc m\u00e9s d\u2019una hora, vulgui gaudir d\u2019una interessant selecci\u00f3 de curts. De fet, no ser\u00e0 una selecci\u00f3 qualsevol, sin\u00f3 de luxe, ja que entre els 7 curtmetratges que es projectaran hi ha \u2018An irish googbye\u2019, film guanyador al 2023 de l\u2019Oscar de Hollywood i premi BAFTA brit\u00e0nic a la millor ficci\u00f3.<\/p>\n","protected":false},"excerpt":{"rendered":"<p>L\u2019Hospital Germans Trias i FILMETS Badalona Film Festival mantenen la seva col\u00b7laboraci\u00f3 per apropar una nova edici\u00f3 d\u2019aquest festival de curtmetratges als pacients, i professionals i usuaris del centre sanitari badalon\u00ed. Gr\u00e0cies a aquesta col\u00b7laboraci\u00f3, els pacients hospitalitzats al Germans Trias podran tornar a gaudir gratu\u00eftament de diferents sessions de curtmetratges a la televisi\u00f3 de [&hellip;]<\/p>\n","protected":false},"author":2,"featured_media":5879,"comment_status":"open","ping_status":"open","sticky":false,"template":"","format":"standard","meta":{"footnotes":""},"categories":[23,25],"tags":[],"class_list":{"0":"post-5878","1":"post","2":"type-post","3":"status-publish","4":"format-standard","5":"has-post-thumbnail","7":"category-actualitat","8":"category-cultura"},"_links":{"self":[{"href":"https:\/\/areabadalona.com\/diario\/wp-json\/wp\/v2\/posts\/5878","targetHints":{"allow":["GET"]}}],"collection":[{"href":"https:\/\/areabadalona.com\/diario\/wp-json\/wp\/v2\/posts"}],"about":[{"href":"https:\/\/areabadalona.com\/diario\/wp-json\/wp\/v2\/types\/post"}],"author":[{"embeddable":true,"href":"https:\/\/areabadalona.com\/diario\/wp-json\/wp\/v2\/users\/2"}],"replies":[{"embeddable":true,"href":"https:\/\/areabadalona.com\/diario\/wp-json\/wp\/v2\/comments?post=5878"}],"version-history":[{"count":1,"href":"https:\/\/areabadalona.com\/diario\/wp-json\/wp\/v2\/posts\/5878\/revisions"}],"predecessor-version":[{"id":5880,"href":"https:\/\/areabadalona.com\/diario\/wp-json\/wp\/v2\/posts\/5878\/revisions\/5880"}],"wp:featuredmedia":[{"embeddable":true,"href":"https:\/\/areabadalona.com\/diario\/wp-json\/wp\/v2\/media\/5879"}],"wp:attachment":[{"href":"https:\/\/areabadalona.com\/diario\/wp-json\/wp\/v2\/media?parent=5878"}],"wp:term":[{"taxonomy":"category","embeddable":true,"href":"https:\/\/areabadalona.com\/diario\/wp-json\/wp\/v2\/categories?post=5878"},{"taxonomy":"post_tag","embeddable":true,"href":"https:\/\/areabadalona.com\/diario\/wp-json\/wp\/v2\/tags?post=5878"}],"curies":[{"name":"wp","href":"https:\/\/api.w.org\/{rel}","templated":true}]}}