{"id":5872,"date":"2023-10-18T08:23:29","date_gmt":"2023-10-18T08:23:29","guid":{"rendered":"https:\/\/areabadalona.com\/diario\/?p=5872"},"modified":"2023-10-18T08:23:29","modified_gmt":"2023-10-18T08:23:29","slug":"la-49a-edicio-de-filmets-badalona-film-festival-es-fara-del-20-al-28-doctubre-i-projectara-un-total-de-205-curtmetratges-dels-quals-184-entraran-en-competicio","status":"publish","type":"post","link":"https:\/\/areabadalona.com\/diario\/2023\/10\/18\/la-49a-edicio-de-filmets-badalona-film-festival-es-fara-del-20-al-28-doctubre-i-projectara-un-total-de-205-curtmetratges-dels-quals-184-entraran-en-competicio\/","title":{"rendered":"La 49a edici\u00f3 de FILMETS Badalona Film Festival es far\u00e0 del 20 al 28 d&#8217;octubre i projectar\u00e0 un total de 205 curtmetratges, dels quals 184 entraran en competici\u00f3\u00a0"},"content":{"rendered":"\n<p>La 49a edici\u00f3 de FILMETS Badalona Film Festival es far\u00e0 del 20 al 28 d&#8217;octubre de 2023. Les vint-i-una sessions oficials competitives es repartiran en tres seus oficials: la seu hist\u00f2rica del festival, el Teatre Zorrilla de Badalona (18 sessions, entre elles la Sessi\u00f3 Inaugural), l&#8217;Institut fran\u00e7ais de Barcelona (2 sessions) i els cinemes Can Castellet de Sant Boi de Llobregat (1 sessi\u00f3). FILMETS \u00e9s un festival internacional de curtmetratges, d\u2019entrada gratu\u00efta. El lema de la 49a edici\u00f3 del festival \u00e9s \u2018Cada segon compta\u2019, una frase que aplicada als curts adquireix un \u00e8mfasi especial, tant si connota urg\u00e8ncia comunicativa com si pondera la qualitat substancial.&nbsp;<\/p>\n\n\n\n<p><strong>205 pel\u00b7l\u00edcules exhibides, de les quals 184 en la Secci\u00f3 Oficial competitiva&nbsp;<\/strong><\/p>\n\n\n\n<p>Del 20 al 28 d\u2019octubre FILMETS projectar\u00e0 un tota de 205 pel\u00b7l\u00edcules, de les quals 184 entraran en competici\u00f3 i es presentaran a la Secci\u00f3 Oficial.&nbsp;<\/p>\n\n\n\n<p>Aquestes 184 pel\u00b7l\u00edcules en competici\u00f3 optaran a algun dels guardons del festival, la Venus romana de Badalona.&nbsp;<\/p>\n\n\n\n<p>La Secci\u00f3 Oficial de la 49a edici\u00f3 de FILMETS presentar\u00e0 un total de 21 sessions competitives. Totes les sessions seran tem\u00e0tiques (drama, com\u00e8dia, \u2018thriller\u2019, quil\u00f2metre 0&#8230;) amb l&#8217;objectiu que l&#8217;espectador pugui triar quina sessi\u00f3 li interessa m\u00e9s veure.&nbsp;<\/p>\n\n\n\n<p><strong>Una Sessi\u00f3 Inaugural d\u2019impacte amb reconeixement a Carla Sim\u00f3n que rebr\u00e0 la Venus d\u2019Honor&nbsp;<\/strong><\/p>\n\n\n\n<p>La 49a edici\u00f3 de FILMETS s\u2019obrir\u00e0 amb una Sessi\u00f3 Inaugural impactant. Pel Teatre Zorrilla de Badalona hi passaran tots els cineastes que vindran a presentar les pel\u00b7l\u00edcules que es projectaran a la Sessi\u00f3 Inaugural.&nbsp;<\/p>\n\n\n\n<p>Tot aix\u00f2 passar\u00e0 el divendres 20 d\u2019octubre, a les 21 hores i en una festa del cinema en format curt que es podr\u00e0 gaudir a tot Catalunya ja que la Sessi\u00f3 Inaugural es podr\u00e0 veure per televisi\u00f3 gr\u00e0cies a La Xarxa de Televisions Locals. El senyal televisiu ser\u00e0 produ\u00eft per Televisi\u00f3 de Badalona.&nbsp;<\/p>\n\n\n\n<p>A la Sessi\u00f3 Inaugural es projectaran 7 curtmetratges, i tamb\u00e9 ser\u00e0 una homenatge a la cineasta Carla Sim\u00f3n, a qui s\u2019atorgar\u00e0 una Venus d\u2019Honor en reconeixement a la seva traject\u00f2ria professional. Carla Sim\u00f3n ha tingut sempre una estreta relaci\u00f3 amb FILMETS, festival on ha acudit en diverses ocasions.&nbsp;<\/p>\n\n\n\n<p>Sim\u00f3n ja va guanyar l\u2019any 2015 una Venus a la Millor Producci\u00f3 de Badalona amb la pel\u00b7l\u00edcula <em>Las peque\u00f1as cosas<\/em>. L&#8217;any 2019 va participar amb el curtmetratge <em>Despu\u00e9s tambi\u00e9n<\/em> i el 2020 amb la pel\u00b7l\u00edcula <em>Correspondencia<\/em>, ambdues a la Secci\u00f3 Oficial del festival.&nbsp;<\/p>\n\n\n\n<p><strong>FILMETS obrir\u00e0 l\u2019edici\u00f3 d\u2019enguany amb el curt que ha guanyat l\u2019any 2023 l\u2019Oscar de Hollywood i el BAFTA brit\u00e0nic a la millor ficci\u00f3&nbsp;<\/strong><\/p>\n\n\n\n<p>El festival FILMETS obrir\u00e0 la seva 49a edici\u00f3 amb un plat fort, concretament amb la pel\u00b7l\u00edcula que ha guanyat l\u2019any 2023 l\u2019Oscar de Hollywood i el premi BAFTA brit\u00e0nic a la millor ficci\u00f3. Es tracta de la pel\u00b7l\u00edcula <em>An irish googbye<\/em>, una com\u00e8dia dram\u00e0tica produ\u00efda per Irlanda i el Regne Unit i que proposa un plantejament vital sobre si el pragmatisme \u00e9s o no sempre m\u00e9s intel\u00b7ligent que els sentiments.&nbsp;<\/p>\n\n\n\n<p><em>An irish goodbye<\/em>, de Tom Berkeley i Ross White, \u00e9s una producci\u00f3 irlandesa i brit\u00e0nica rodada el 2022, del g\u00e8nere de ficci\u00f3. \u00c9s una com\u00e8dia dram\u00e0tica de 23 minuts.&nbsp;<\/p>\n\n\n\n<p><strong>Dues altres joies per a la Secci\u00f3 Inaugural&nbsp;<\/strong><\/p>\n\n\n\n<p>El festival FILMETS comen\u00e7a amb m\u00e9s for\u00e7a que mai com ho demostra la selecci\u00f3 de 7 pel\u00b7l\u00edcules que es podran veure a la Sessi\u00f3 Inaugural. D\u2019aquestes 7 pel\u00b7l\u00edcules, a banda del curt <em>An irish googbye<\/em>, cal destacar el documental <em>Liturgy of anti-tank obstacles<\/em>, que mostra l\u2019estremidora visi\u00f3 de com la guerra a Ucra\u00efna ha imposat uns canvis d\u2019h\u00e0bit a la vida quotidiana dels ucra\u00efnesos. El curt mostra com a l\u2019oest del pa\u00eds els escultors d\u2019est\u00e0tues religioses es reciclen fabricant obstacles antitancs.&nbsp;<\/p>\n\n\n\n<p>Tamb\u00e9 cal destacar el curt catal\u00e0 <em>Niuada<\/em>, un drama rural on els protagonistes s\u00f3n uns nens i nenes que no sempre s\u00f3n tan innocents com poden semblar. Una tensa utilitzaci\u00f3 del paisatge i un bon repartiment infantil.&nbsp;<\/p>\n\n\n\n<p><strong>Llu\u00eds Mi\u00f1arro, que protagonitzar\u00e0 un debat amb estudiants a la sessi\u00f3 FILMETS Campus, rebr\u00e0 una Venus d\u2019Honor de FILMETS&nbsp;<\/strong><\/p>\n\n\n\n<p>El cineasta Llu\u00eds Mi\u00f1arro tamb\u00e9 rebr\u00e0 una Venus d\u2019Honor de FILMETS. Ser\u00e0 el dilluns 23 d\u2019octubre, a les 16.30 hores, al Teatre Zorrilla i a l\u2019inici de la sessi\u00f3 FILMETS Campus, la que serveix per presentar les pel\u00b7l\u00edcules que han fet estudiants de les acad\u00e8mies de cinema d\u2019arreu. FILMETS atorga aquesta Venus d\u2019Honor a Llu\u00eds Mi\u00f1arro per la seva traject\u00f2ria com a director, productor i jurat de festivals. Un cop atorgada la Venus d\u2019Honor, Llu\u00eds Mi\u00f1arro participar\u00e0 en un debat amb els estudiants de cinema que ompliran, com fan cada any, el Teatre Zorrilla abans de comen\u00e7ar la sessi\u00f3 FILMETS Campus.&nbsp;<\/p>\n\n\n\n<p>Llu\u00eds Mi\u00f1arro, nascut a Barcelona, ha dirigit <em>Love Me Not<\/em> (2019), <em>Stella Cadente<\/em> (2014), <em>Blow Horn<\/em> (2009) i <em>Familystrip<\/em> (2009). L&#8217;any 1989 funda Eddie Saeta. Ha produ\u00eft m\u00e9s de 45 llargmetratges reconeguts internacionalment amb m\u00e9s de 140 premis; entre ells, la Palma d\u2019Or a Cannes 2010 amb <em>Uncle Boonmee who can recall his past lives<\/em>, d\u2019Apichatpong Weerasethakul.&nbsp;<\/p>\n\n\n\n<p><strong>Un festival amb 6 seus oficials: 3 de competitives i 3 no competitives&nbsp;<\/strong><\/p>\n\n\n\n<p>FILMETS tindr\u00e0 6 seus, 3 de competitives i 3 de no competitives.&nbsp;<\/p>\n\n\n\n<p>Les 3 seus oficials competitives on es projectaran les pel\u00b7l\u00edcules que opten a premi s\u00f3n el Teatre Zorrilla de Badalona, l&#8217;Institut fran\u00e7ais de Barcelona i els cinemes Can Castellet de Sant Boi de Llobregat.&nbsp;<\/p>\n\n\n\n<p>Les 3 seus oficials no competitives on es projectaran curts de FILMETS sense optar a premi s\u00f3n l&#8217;Hospital Germans Trias i Pujol de Badalona, l\u2019Hospital Municipal de Badalona (depenent de Badalona Serveis Assistencials) i la seu de l&#8217;IFP-Grupo Planeta de Barcelona.&nbsp;<\/p>\n\n\n\n<p><strong>FILMETS portar\u00e0 a Catalunya en exclusiva els prestigiosos premis del cinema brit\u00e0nic BAFTA 2023&nbsp;<\/strong><\/p>\n\n\n\n<p>FILMETS Badalona Film Festival ser\u00e0 un any m\u00e9s la porta d&#8217;entrada a Catalunya dels premis BAFTA Shorts 2023, els prestigiosos guardons de l\u2019Acad\u00e8mia Brit\u00e0nica de les Artes Cinematogr\u00e0fiques i de la Televisi\u00f3, que es van donar a con\u00e8ixer el 19 de febrer en una cerim\u00f2nia feta al Royal Albert Hall de Londres.&nbsp;<\/p>\n\n\n\n<p>Gr\u00e0cies a la col\u00b7laboraci\u00f3 establerta amb el British Council, l\u2019organitzaci\u00f3 del Regne Unit per a les relacions culturals i les oportunitats creatives, es projectaran a FILMETS i per primera vegada a Catalunya 6 dels curtmetratges presentats als premis BAFTA.&nbsp;<\/p>\n\n\n\n<p>La projecci\u00f3 dels curtmetratges presentats als premis BAFTA 2022 es far\u00e0 el diumenge 22 d&#8217;octubre, a les 19 hores, al Teatre Zorrilla de Badalona.&nbsp;<\/p>\n\n\n\n<p>Entre elles hi ha la pel\u00b7l\u00edcula guanyadora del premi BAFTA al millor curtmetratge brit\u00e0nic d&#8217;animaci\u00f3 2023:&nbsp;<\/p>\n\n\n\n<p>\u2022 <em>The boy, the mole, the fox and the horse<\/em>&nbsp;<\/p>\n\n\n\n<p><strong>La sessi\u00f3 <em>Premi\u00e8res<\/em> tancar\u00e0 la part competitiva del festival&nbsp;<\/strong><\/p>\n\n\n\n<p>Com ja va ser habitual els darrers anys, la darrera sessi\u00f3 competitiva del festival \u00e9s la sessi\u00f3 <em>Premi\u00e8res,<\/em> que es projectar\u00e0 el divendres 27 d\u2019octubre, a les 20 hores, al Teatre Zorrilla de Badalona. Aquesta sessi\u00f3 presentar\u00e0 pel\u00b7l\u00edcules que s\u00f3n estrenes absolutes a Espanya o a Catalunya, tot i que n\u2019hi ha una que \u00e9s estrena internacional.&nbsp;<\/p>\n\n\n\n<p>La sessi\u00f3 <em>Premi\u00e8res<\/em> projectar\u00e0 7 pel\u00b7l\u00edcules. S\u00f3n les seg\u00fcents:&nbsp;<\/p>\n\n\n\n<p>\u2022 <em>Las Nogas<\/em>, un curt d\u2019animaci\u00f3 d\u2019Estats Units. Estrena a Espanya.&nbsp;<\/p>\n\n\n\n<p>\u2022 <em>W\u00fcm<\/em>, un curt de ficci\u00f3 d\u2019Estats Units. Premi\u00e8re internacional.&nbsp;<\/p>\n\n\n\n<p>\u2022 <em>Ash Wednesdey<\/em>, un curt de ficci\u00f3 d\u2019Alemanya. Estrena a Espanya.&nbsp;<\/p>\n\n\n\n<p>\u2022 <em>Vinland<\/em>, un curt de ficci\u00f3 de la Rep\u00fablica Txeca. Estrena a Espanya.&nbsp;<\/p>\n\n\n\n<p>\u2022 <em>Bye, bye bo<\/em> un curt de ficci\u00f3 d\u2019Espanya. Estrena a Espanya.&nbsp;<\/p>\n\n\n\n<p>\u2022 <em>La casa oberta<\/em>, un documental de Catalunya. Estrena a Catalunya.&nbsp;<\/p>\n\n\n\n<p>\u2022 <em>Sacrilegio<\/em>, un curt de ficci\u00f3 d\u2019Espanya. Estrena a Catalunya i \u00f2pera prima.&nbsp;<\/p>\n\n\n\n<p>Cal destacar que el curt <em>Las Nogas<\/em>, dirigit i escrit per Catya Plate, ja forma part de la <em>short list<\/em> dels Oscars 2024. Aquest curtmetratge va guanyar en el Rhode Island International Film Festival el Gran Prize Best Environmental Film, que qualifica per a la cursa dels Oscars de l\u2019any vinent.&nbsp;<\/p>\n\n\n\n<p>Catya Plate ser\u00e0 el divendres 27 d\u2019octubre, a les 20 hores, al Teatre Zorrilla per presentar la seva pel\u00b7l\u00edcula.&nbsp;<\/p>\n\n\n\n<p>El curt que tancar\u00e0 la 49 a edici\u00f3 de FILMETS ser\u00e0 <em>Sacrilegio<\/em>, una producci\u00f3 espanyola, del g\u00e8nere de ficci\u00f3 i de 16 minuts. Escrita i dirigida per Pedro Casablanc, \u00e9s la seva \u00f2pera prima. El curtmetratge est\u00e0 interpretada per Felipe Garc\u00eda V\u00e9lez, Miguel \u00c1ngel Mart\u00edn, H\u00e9ctor Meres, Aky Gamazo, Pedro M. Ortiz, Rafa Castillo-Romero, Alejandro Morales y Luis Centeno.&nbsp;<\/p>\n\n\n\n<p><strong>La sessi\u00f3 Palmar\u00e8s, el dissabte 28 d\u2019octubre a les 20 hores&nbsp;<\/strong><\/p>\n\n\n\n<p>La 49a edici\u00f3 de FILMETS Badalona Film Festival es tancar\u00e0 aquest any el dissabte 28 d\u2019octubre, a les 20 hores, al Teatre Zorrilla de Badalona. Ser\u00e0 una sessi\u00f3 molt especial perqu\u00e8 es projectar\u00e0 una selecci\u00f3 dels curtmetratges guanyadors de les Venus de Badalona del festival.&nbsp;<\/p>\n\n\n\n<p><strong>FILMETS Pro, 5 sessions adre\u00e7ada a professionals&nbsp;<\/strong><\/p>\n\n\n\n<p>Al marge de la Secci\u00f3 Oficial, que presenta pel\u00b7l\u00edcules en competici\u00f3, el festival tamb\u00e9 presenta l&#8217;OFF FILMETS, que agrupa activitats paral\u00b7leles fora de competici\u00f3. Entre elles cal destacar el FILMETS Pro, un seguit de 5 activitats adre\u00e7ades a professional i que tenen com a objectiu potenciar la ind\u00fastria cinematogr\u00e0fica i audiovisual. Aquest any les activitats de FILMETS Pro seran \u00fanicament presencials i es faran al Centre Cultural El Carme de Badalona.&nbsp;<\/p>\n\n\n\n<p>Les 5 sessions de FILMETS Pro previstes s\u00f3n les seg\u00fcents:&nbsp;<\/p>\n\n\n\n<p>\u2022 Dimarts 24 d&#8217;octubre, 10.30 hores: <strong>Els formats m\u00e9s innovadors de l\u2019any<\/strong>. Sessi\u00f3 organitzada pel Cl\u00faster Audiovisual de Catalunya i la Corporaci\u00f3 Catalana de Mitjans Audiovisuals (CCMA)..&nbsp;<\/p>\n\n\n\n<p>\u2022 Dimecres 25 d&#8217;octubre, 10.30 hores: <strong>Taula rodona PAC: Com i perqu\u00e8 produir un curtmetratge<\/strong>. Sessi\u00f3 organitzada pels Productors Audiovisuals de Catalunya.&nbsp;<\/p>\n\n\n\n<p>Un cop acabada la taula rodona de la PAC es far\u00e0 la presentaci\u00f3 del llibre <em>Gu\u00eda contable y fiscal de la industria del cine y audiovisual. Volumen 2<\/em>, escrit per Jos\u00e9 Manuel Lizanda, inspector d\u2019Hisenda de l&#8217;Estat, i Xavier Atance, editor del llibre i productor audiovisual. El llibre analitza les q\u00fcestions comptables i fiscals m\u00e9s rellevants del sector i es presenta com una eina imprescindible per als cineastes.&nbsp;<\/p>\n\n\n\n<p>\u2022 Dijous 26 d&#8217;octubre, a les 10.30 hores: <strong>RTVE Play I RTVE Play.cat, la primera OTT p\u00fablica I gratu\u00efta del pa\u00eds<\/strong>. Sessi\u00f3 organitzada per RTVE Catalunya. RTVE Play \u00e9s la primera OTT p\u00fablica i gratu\u00efta que va sorgir a Espanya. Des d&#8217;aleshores, RTVE s&#8217;est\u00e0 adaptant al canvi de consum televisiu potenciant la plataforma i creant els primers continguts originals. &nbsp;<\/p>\n\n\n\n<p>\u2022 Dijous 26 d&#8217;octubre, a les 16.30 hores:<strong><em> Masterclass<\/em><\/strong> organitzada per l&#8217;Escola d&#8217;Arts i Oficis Pau Gargallo de Badalona. Hi intervindr\u00e0 S\u00edlvia Cort\u00e9s, il\u00b7lustradora pro-fessional. &nbsp;<\/p>\n\n\n\n<p>\u2022 Divendres 27 d&#8217;octubre, a les 16 hores: <strong>Mou el teu curt!<\/strong> amb directors, productors i membres del jurat. Sessi\u00f3 organitzada per FILMETS i moderada pel director art\u00edstic del festival, Agust\u00ed Argelich. &nbsp;<\/p>\n\n\n\n<p><strong><em>Aix\u00f2 no \u00e9s Disneyland<\/em><\/strong><strong> i <em>El silenci de les ones<\/em>, dos documentals produ\u00efts per Badalona Comunicaci\u00f3 que es presentaran a FILMETS&nbsp;<\/strong><\/p>\n\n\n\n<p>FILMETS tamb\u00e9 \u00e9s l&#8217;escenari on habitualment s&#8217;estrenen a la secci\u00f3 OFF FILMETS (fora de competici\u00f3) els documentals que produeix Badalona Comunicaci\u00f3. Enguany es presentaran els seg\u00fcents dos documentals:&nbsp;<\/p>\n\n\n\n<p>\u2022 <em>Aix\u00f2 no \u00e9s Disneyland<\/em>. Estrena el divendres 20, a les 19 hores, al Teatre Zorrilla de Badalona&nbsp;<\/p>\n\n\n\n<p>\u2022 <em>El silenci de les ones<\/em>. Preestrena el divendres 28, a les 18 hores, al Teatre Zorrilla de Badalona&nbsp;<\/p>\n\n\n\n<p>El primer documental es titula <em>Aix\u00f2 no \u00e9s Disneyland<\/em>, que forma part del programa \u201cSalto del Eje\u201d, que promou la creaci\u00f3 cinematogr\u00e0fica com a eina de transformaci\u00f3 social. En aquest documental, una desena d\u2019alumnes de l\u2019Institut Enric Borr\u00e0s, del barri de la Salut, van rebre formaci\u00f3 per crear i produir un curtmetratge documental amb el suport de professionals del sector cinematogr\u00e0fic. Els adolescents van tenir llibertat creativa a l\u2019hora de fer el seu propi curt, <em>Aix\u00f2 no \u00e9s Disneyland<\/em>.&nbsp;<\/p>\n\n\n\n<p>El segon documental es titula <em>El silenci de les ones<\/em> i \u00e9s una investigaci\u00f3 sobre la figura del periodista i locutor badalon\u00ed Pere Mitjans, que va ser director de R\u00e0dio EAJ 39 Badalona durant la Guerra Civil. La pel\u00b7l\u00edcula narra la vida de Pere Mitjans, condemnat a mort en primera inst\u00e0ncia i despr\u00e9s a cadena perp\u00e8tua per haver dirigit el mitj\u00e0 radiof\u00f2nic.&nbsp;<\/p>\n","protected":false},"excerpt":{"rendered":"<p>La 49a edici\u00f3 de FILMETS Badalona Film Festival es far\u00e0 del 20 al 28 d&#8217;octubre de 2023. Les vint-i-una sessions oficials competitives es repartiran en tres seus oficials: la seu hist\u00f2rica del festival, el Teatre Zorrilla de Badalona (18 sessions, entre elles la Sessi\u00f3 Inaugural), l&#8217;Institut fran\u00e7ais de Barcelona (2 sessions) i els cinemes Can [&hellip;]<\/p>\n","protected":false},"author":2,"featured_media":5873,"comment_status":"open","ping_status":"open","sticky":false,"template":"","format":"standard","meta":{"footnotes":""},"categories":[25],"tags":[],"class_list":{"0":"post-5872","1":"post","2":"type-post","3":"status-publish","4":"format-standard","5":"has-post-thumbnail","7":"category-cultura"},"_links":{"self":[{"href":"https:\/\/areabadalona.com\/diario\/wp-json\/wp\/v2\/posts\/5872","targetHints":{"allow":["GET"]}}],"collection":[{"href":"https:\/\/areabadalona.com\/diario\/wp-json\/wp\/v2\/posts"}],"about":[{"href":"https:\/\/areabadalona.com\/diario\/wp-json\/wp\/v2\/types\/post"}],"author":[{"embeddable":true,"href":"https:\/\/areabadalona.com\/diario\/wp-json\/wp\/v2\/users\/2"}],"replies":[{"embeddable":true,"href":"https:\/\/areabadalona.com\/diario\/wp-json\/wp\/v2\/comments?post=5872"}],"version-history":[{"count":1,"href":"https:\/\/areabadalona.com\/diario\/wp-json\/wp\/v2\/posts\/5872\/revisions"}],"predecessor-version":[{"id":5874,"href":"https:\/\/areabadalona.com\/diario\/wp-json\/wp\/v2\/posts\/5872\/revisions\/5874"}],"wp:featuredmedia":[{"embeddable":true,"href":"https:\/\/areabadalona.com\/diario\/wp-json\/wp\/v2\/media\/5873"}],"wp:attachment":[{"href":"https:\/\/areabadalona.com\/diario\/wp-json\/wp\/v2\/media?parent=5872"}],"wp:term":[{"taxonomy":"category","embeddable":true,"href":"https:\/\/areabadalona.com\/diario\/wp-json\/wp\/v2\/categories?post=5872"},{"taxonomy":"post_tag","embeddable":true,"href":"https:\/\/areabadalona.com\/diario\/wp-json\/wp\/v2\/tags?post=5872"}],"curies":[{"name":"wp","href":"https:\/\/api.w.org\/{rel}","templated":true}]}}