{"id":5868,"date":"2023-10-18T08:22:17","date_gmt":"2023-10-18T08:22:17","guid":{"rendered":"https:\/\/areabadalona.com\/diario\/?p=5868"},"modified":"2023-10-18T08:22:18","modified_gmt":"2023-10-18T08:22:18","slug":"badalona-inicia-la-renovacio-de-tot-lenllumenat-de-la-via-publica","status":"publish","type":"post","link":"https:\/\/areabadalona.com\/diario\/2023\/10\/18\/badalona-inicia-la-renovacio-de-tot-lenllumenat-de-la-via-publica\/","title":{"rendered":"Badalona inicia la renovaci\u00f3 de tot l\u2019enllumenat de la via p\u00fablica\u00a0"},"content":{"rendered":"\n<p>El Govern municipal ha posat en marxa un Pla de millora de l\u2019enllumenat p\u00fablic que t\u00e9 com a objectiu aconseguir que els 30.000 punts de llums que hi ha a Badalona siguin de tecnologia LED. Aquest tipus d\u2019il\u00b7luminaci\u00f3, que substituir\u00e0 la tradicional com les bombetes hal\u00f2genes o incandescents, t\u00e9 nombrosos avantatges com ara l&#8217;efici\u00e8ncia energ\u00e8tica, el seu manteniment, la durabilitat i que no contenen gasos nocius ni productes qu\u00edmics t\u00f2xics. El Pla comen\u00e7a a executar-se aquest mes de novembre i estar\u00e0 enllestit abans que finalitzi l\u2019actual mandat municipal.&nbsp;<\/p>\n\n\n\n<p>Aquest anunci l\u2019ha fet avui l\u2019alcalde de Badalona, Xavier Garcia Albiol, el tinent d\u2019alcaldia de l\u2019\u00c0mbit de Territori i Sostenibilitat, Daniel Gracia, i el regidor de l\u2019\u00c0rea de Via P\u00fablica i Mobilitat, David Mej\u00eda, en la sala de premsa de l\u2019edifici municipal El Viver. L\u2019alcalde ha assenyalat que: \u201caquest pla \u00e9s molt necessari perqu\u00e8 actualment la il\u00b7luminaci\u00f3 dels nostres carrers \u00e9s totalment deficient, tant des d&#8217;un punt de vista mediambiental, com des del vessant econ\u00f2mic i de la seguretat\u00bb. En aquest sentit, Garcia Albiol ha destacat que \u00aba m\u00e9s d&#8217;adaptar a la tecnologia LED tots els punts de llum que a hores d&#8217;ara hi ha a la ciutat, instal\u00b7larem nous fanals en tots els carrers que no estan prou ben il\u00b7luminats per afavorir que els ve\u00efns i ve\u00efnes visquin amb la m\u00e0xima seguretat possible a tots els barris de Badalona\u00bb.&nbsp;<\/p>\n\n\n\n<p>Dels 30.000 punts de llum a Badalona nom\u00e9s el 10% funcionen amb tecnologia LED. D\u2019altra banda, a hores d\u2019ara uns 4.000 punts de llum s\u00f3n fanals de 4 metres amb el b\u00e0cul o columna acabat en globus. En una primera fase, que estar\u00e0 enllestida abans que finalitzi l\u2019any, es renovaran 400 d\u2019aquests tipus de fanals situats a zones com el carrer d\u2019en Prim; carrer de la Riera de Canyad\u00f3, els voltants de la pla\u00e7a de la Pipa del barri de Llefi\u00e0; Nova Lloreda, la zona sud del barri de Pomar i al barri de Canyad\u00f3.&nbsp;<\/p>\n\n\n\n<p>L\u2019Ajuntament de Badalona destina anualment uns 3.5 milions d\u2019euros en la il\u00b7luminaci\u00f3 de la via p\u00fablica. Amb la renovaci\u00f3 dels punts de llum groga a llum de LED, l\u2019estalvi energ\u00e8tic es situar\u00e0 entre un 50 i un 60%. El Pla de millora de l\u2019enllumenat p\u00fablic tamb\u00e9 contempla la instal\u00b7laci\u00f3 de nous punts de llum en aquells espais de la ciutat on s\u2019han detectat defici\u00e8ncies en la il\u00b7luminaci\u00f3. &nbsp;<\/p>\n","protected":false},"excerpt":{"rendered":"<p>El Govern municipal ha posat en marxa un Pla de millora de l\u2019enllumenat p\u00fablic que t\u00e9 com a objectiu aconseguir que els 30.000 punts de llums que hi ha a Badalona siguin de tecnologia LED. Aquest tipus d\u2019il\u00b7luminaci\u00f3, que substituir\u00e0 la tradicional com les bombetes hal\u00f2genes o incandescents, t\u00e9 nombrosos avantatges com ara l&#8217;efici\u00e8ncia energ\u00e8tica, [&hellip;]<\/p>\n","protected":false},"author":2,"featured_media":5869,"comment_status":"open","ping_status":"open","sticky":false,"template":"","format":"standard","meta":{"footnotes":""},"categories":[23],"tags":[],"class_list":{"0":"post-5868","1":"post","2":"type-post","3":"status-publish","4":"format-standard","5":"has-post-thumbnail","7":"category-actualitat"},"_links":{"self":[{"href":"https:\/\/areabadalona.com\/diario\/wp-json\/wp\/v2\/posts\/5868","targetHints":{"allow":["GET"]}}],"collection":[{"href":"https:\/\/areabadalona.com\/diario\/wp-json\/wp\/v2\/posts"}],"about":[{"href":"https:\/\/areabadalona.com\/diario\/wp-json\/wp\/v2\/types\/post"}],"author":[{"embeddable":true,"href":"https:\/\/areabadalona.com\/diario\/wp-json\/wp\/v2\/users\/2"}],"replies":[{"embeddable":true,"href":"https:\/\/areabadalona.com\/diario\/wp-json\/wp\/v2\/comments?post=5868"}],"version-history":[{"count":1,"href":"https:\/\/areabadalona.com\/diario\/wp-json\/wp\/v2\/posts\/5868\/revisions"}],"predecessor-version":[{"id":5870,"href":"https:\/\/areabadalona.com\/diario\/wp-json\/wp\/v2\/posts\/5868\/revisions\/5870"}],"wp:featuredmedia":[{"embeddable":true,"href":"https:\/\/areabadalona.com\/diario\/wp-json\/wp\/v2\/media\/5869"}],"wp:attachment":[{"href":"https:\/\/areabadalona.com\/diario\/wp-json\/wp\/v2\/media?parent=5868"}],"wp:term":[{"taxonomy":"category","embeddable":true,"href":"https:\/\/areabadalona.com\/diario\/wp-json\/wp\/v2\/categories?post=5868"},{"taxonomy":"post_tag","embeddable":true,"href":"https:\/\/areabadalona.com\/diario\/wp-json\/wp\/v2\/tags?post=5868"}],"curies":[{"name":"wp","href":"https:\/\/api.w.org\/{rel}","templated":true}]}}