{"id":5859,"date":"2023-10-13T09:44:28","date_gmt":"2023-10-13T09:44:28","guid":{"rendered":"https:\/\/areabadalona.com\/diario\/?p=5859"},"modified":"2023-10-16T09:48:54","modified_gmt":"2023-10-16T09:48:54","slug":"la-v-regata-golden-cup-badalona-es-celebra-per-primera-vegada-integrament-a-la-ciutat-el-cap-de-setmana-del-27-al-29-doctubre","status":"publish","type":"post","link":"https:\/\/areabadalona.com\/diario\/2023\/10\/13\/la-v-regata-golden-cup-badalona-es-celebra-per-primera-vegada-integrament-a-la-ciutat-el-cap-de-setmana-del-27-al-29-doctubre\/","title":{"rendered":"La V Regata Golden Cup Badalona es celebra per primera vegada \u00edntegrament a la ciutat el cap de setmana del 27 al 29 d\u2019octubre"},"content":{"rendered":"\n<p>Aquest divendres al mat\u00ed s\u2019ha presentat al Sal\u00f3 N\u00e0utic Internacional de Barcelona la V edici\u00f3 de la Regata Golden Cup Badalona, un esdeveniment de refer\u00e8ncia en el sector n\u00e0utic i el m\u00f3n de les regates de vela que, durant el cap de setmana del 27 al 29 d\u2019octubre, tindr\u00e0 com a epicentre la ciutat de Badalona. Aquest ser\u00e0 el primer cop que la regata estigui organitzada exclusivament per Marina Badalona, fet que suposa que tant les sortides i arribades de les regates com tots els actes que envolten l\u2019esdeveniment es facin a les instal\u00b7lacions del Port de Badalona.<\/p>\n\n\n\n<p>La Golden Cup Badalona \u00e9s una regata d&#8217;altura amb un format de dues proves, una regata de 60\/70 milles n\u00e0utiques (Regata Baetulo) i una altra regata de 15\/20 milles n\u00e0utiques (Regata Hotel Marina Badalona). Aquestes dues regates constitueixen dos trofeus, de manera que l&#8217;equip que obtingui millor resultat combinat en les dues regates ser\u00e0 el vencedor de la Golden Cup Marina Badalona. Cal destacar que aquesta copa \u00e9s puntuable per al Campionat d&#8217;Altura, Solitaris i A2, i per al Circuit de Regates d&#8217;Altura.<\/p>\n\n\n\n<p>La presentaci\u00f3 de la prova aquest divendres al mat\u00ed en les instal\u00b7lacions del Sal\u00f3 N\u00e0utic Internacional de Barcelona ha comptat amb la participaci\u00f3 de l\u2019alcalde de Badalona, Xavier Garcia Albiol; dels tinents d\u2019alcaldia Juan Fern\u00e1ndez, Cristina Ag\u00fcera i Rosa del Amo; d\u2019Imanol Sanz, gerent de Marina Badalona; i d\u2019Andr\u00e9s Oliva, director t\u00e8cnic de la prova.&nbsp;<\/p>\n\n\n\n<p>L\u2019alcalde Xavier Garcia Albiol ha destacat la import\u00e0ncia de l\u2019esdeveniment en el sector n\u00e0utic i ha assenyalat que \u00abpermetr\u00e0 que tots els amants de la vela puguin gaudir de la ciutat i de les grans instal\u00b7lacions que tenim al port de Badalona i, a la vegada, que els ve\u00efns es puguin acostar a con\u00e8ixer millor aquest esport i fer seva la fa\u00e7ana mar\u00edtima de la ciutat\u00bb. \u00abPer al Govern municipal \u00e9s un gran orgull que la Golden Cup tingui es celebri a la ciutat, ja que treballem perqu\u00e8 aquesta mena de grans esdeveniments, tant de l\u2019\u00e0mbit esportiu, com del social i el cultural, siguin cada cop m\u00e9s habituals al nostre municipi i facin de Badalona una ciutat de refer\u00e8ncia\u00bb, ha assegurat l\u2019alcalde Garcia Albiol.<\/p>\n\n\n\n<p>Per a m\u00e9s informaci\u00f3 podeu consultar les p\u00e0gines web de la <a href=\"https:\/\/goldencupbadalona.com\/\">Golden Cup Badalona<\/a>&nbsp;i de <a href=\"https:\/\/marinabadalona.cat\/\">Marina Badalona<\/a>.&nbsp;<\/p>\n","protected":false},"excerpt":{"rendered":"<p>Aquest divendres al mat\u00ed s\u2019ha presentat al Sal\u00f3 N\u00e0utic Internacional de Barcelona la V edici\u00f3 de la Regata Golden Cup Badalona, un esdeveniment de refer\u00e8ncia en el sector n\u00e0utic i el m\u00f3n de les regates de vela que, durant el cap de setmana del 27 al 29 d\u2019octubre, tindr\u00e0 com a epicentre la ciutat de [&hellip;]<\/p>\n","protected":false},"author":2,"featured_media":5860,"comment_status":"open","ping_status":"open","sticky":false,"template":"","format":"standard","meta":{"footnotes":""},"categories":[26],"tags":[],"class_list":{"0":"post-5859","1":"post","2":"type-post","3":"status-publish","4":"format-standard","5":"has-post-thumbnail","7":"category-esports"},"_links":{"self":[{"href":"https:\/\/areabadalona.com\/diario\/wp-json\/wp\/v2\/posts\/5859","targetHints":{"allow":["GET"]}}],"collection":[{"href":"https:\/\/areabadalona.com\/diario\/wp-json\/wp\/v2\/posts"}],"about":[{"href":"https:\/\/areabadalona.com\/diario\/wp-json\/wp\/v2\/types\/post"}],"author":[{"embeddable":true,"href":"https:\/\/areabadalona.com\/diario\/wp-json\/wp\/v2\/users\/2"}],"replies":[{"embeddable":true,"href":"https:\/\/areabadalona.com\/diario\/wp-json\/wp\/v2\/comments?post=5859"}],"version-history":[{"count":1,"href":"https:\/\/areabadalona.com\/diario\/wp-json\/wp\/v2\/posts\/5859\/revisions"}],"predecessor-version":[{"id":5861,"href":"https:\/\/areabadalona.com\/diario\/wp-json\/wp\/v2\/posts\/5859\/revisions\/5861"}],"wp:featuredmedia":[{"embeddable":true,"href":"https:\/\/areabadalona.com\/diario\/wp-json\/wp\/v2\/media\/5860"}],"wp:attachment":[{"href":"https:\/\/areabadalona.com\/diario\/wp-json\/wp\/v2\/media?parent=5859"}],"wp:term":[{"taxonomy":"category","embeddable":true,"href":"https:\/\/areabadalona.com\/diario\/wp-json\/wp\/v2\/categories?post=5859"},{"taxonomy":"post_tag","embeddable":true,"href":"https:\/\/areabadalona.com\/diario\/wp-json\/wp\/v2\/tags?post=5859"}],"curies":[{"name":"wp","href":"https:\/\/api.w.org\/{rel}","templated":true}]}}