{"id":5841,"date":"2023-10-09T10:23:22","date_gmt":"2023-10-09T10:23:22","guid":{"rendered":"https:\/\/areabadalona.com\/diario\/?p=5841"},"modified":"2023-10-09T10:23:22","modified_gmt":"2023-10-09T10:23:22","slug":"seminari-de-filosofia-contemporania-durant-els-mesos-doctubre-i-novembre-a-lespai-betulia","status":"publish","type":"post","link":"https:\/\/areabadalona.com\/diario\/2023\/10\/09\/seminari-de-filosofia-contemporania-durant-els-mesos-doctubre-i-novembre-a-lespai-betulia\/","title":{"rendered":"Seminari de filosofia contempor\u00e0nia durant els mesos d\u2019octubre i novembre a l\u2019Espai Bet\u00falia\u00a0"},"content":{"rendered":"\n<p>L\u2019Espai Bet\u00falia, Centre de la paraula i les lletres, al carrer d\u2019Enric Borr\u00e0s 43-47 de Badalona, presenta per segon any consecutiu el seminari de filosofia Pensar i fer, coordinat per Pere Montaner i dedicat, en aquesta ocasi\u00f3, a la filosofia contempor\u00e0nia. Les sessions que tindran lloc els dijous a les 19 hores durant els mesos d\u2019octubre i novembre.&nbsp;<\/p>\n\n\n\n<p>Les sessions constaran d\u2019una pon\u00e8ncia, a c\u00e0rrec d\u2019un especialista, i un posterior debat obert al p\u00fablic.&nbsp;<\/p>\n\n\n\n<p><strong><u>PROGRAMACI\u00d3&nbsp;<\/u><\/strong><\/p>\n\n\n\n<p>Dijous 19 d\u2019octubre a les 19 hores&nbsp;<\/p>\n\n\n\n<p><strong>Filosofia del llenguatge<\/strong>: <strong>Ludwig Wittgenstein<\/strong>&nbsp;<\/p>\n\n\n\n<p>Pere Montaner&nbsp;<\/p>\n\n\n\n<p>Dijous 26 d\u2019octubre a les 19 hores&nbsp;<\/p>\n\n\n\n<p><strong>Filosofia de la ci\u00e8ncia<\/strong>: <strong>Popper, Hempel i Kuhn&nbsp;<\/strong><\/p>\n\n\n\n<p>Alfonso Garc\u00eda Lape\u00f1a&nbsp;<\/p>\n\n\n\n<p>Dijous 2 de novembre a les 19 hores&nbsp;<\/p>\n\n\n\n<p><strong>Filosofia de l\u2019\u00c9sser<\/strong>: <strong>Martin Heidegger<\/strong>&nbsp;<\/p>\n\n\n\n<p>Julia Manzano&nbsp;<\/p>\n\n\n\n<p>Dijous 9 de novembre a les 19 hores&nbsp;<\/p>\n\n\n\n<p><strong>Filosofia de l&#8217;exist\u00e8ncia<\/strong>: <strong>el debat entre Jean-Paul Sartre i Albert Camus<\/strong>&nbsp;<\/p>\n\n\n\n<p>Luis Roca Jusmet&nbsp;<\/p>\n\n\n\n<p>Dijous 16 de novembre a les 19 hores&nbsp;<\/p>\n\n\n\n<p><strong>Filosofia de la societat<\/strong>: <strong>Walter Benjamin<\/strong>&nbsp;<\/p>\n\n\n\n<p>Concha Fern\u00e1ndez Martorell&nbsp;<\/p>\n\n\n\n<p>Dijous 23 de novembre a les 19 hores&nbsp;<\/p>\n\n\n\n<p><strong>Arqueologia del saber, genealogia del saber i est\u00e8tica de l&#8217;exist\u00e8ncia<\/strong>: <strong>Michel Foucault<\/strong>&nbsp;<\/p>\n\n\n\n<p>Luis Roca Jusmet&nbsp;<\/p>\n\n\n\n<p>Dijous 30 de novembre a les 19 hores&nbsp;<\/p>\n\n\n\n<p><strong>Feminisme i filosofia pol\u00edtica<\/strong>: <strong>Carol Pateman<\/strong>&nbsp;<\/p>\n\n\n\n<p>Em\u00edlia Oliv\u00e9&nbsp;<\/p>\n\n\n\n<p>L\u2019assist\u00e8ncia \u00e9s lliure, tot i que per la limitaci\u00f3 de l\u2019aforament es recomana inscripci\u00f3 pr\u00e8via trucant al tel\u00e8fon 93 464 62 55 o escrivint al correu electr\u00f2nic <a href=\"mailto:espaibetulia@badalona.cat\">espaibetulia@badalona.cat<\/a>, tot indicant el nom, els cognoms i un tel\u00e8fon de contacte.&nbsp;<\/p>\n","protected":false},"excerpt":{"rendered":"<p>L\u2019Espai Bet\u00falia, Centre de la paraula i les lletres, al carrer d\u2019Enric Borr\u00e0s 43-47 de Badalona, presenta per segon any consecutiu el seminari de filosofia Pensar i fer, coordinat per Pere Montaner i dedicat, en aquesta ocasi\u00f3, a la filosofia contempor\u00e0nia. Les sessions que tindran lloc els dijous a les 19 hores durant els mesos [&hellip;]<\/p>\n","protected":false},"author":2,"featured_media":5842,"comment_status":"open","ping_status":"open","sticky":false,"template":"","format":"standard","meta":{"footnotes":""},"categories":[23,24],"tags":[],"class_list":{"0":"post-5841","1":"post","2":"type-post","3":"status-publish","4":"format-standard","5":"has-post-thumbnail","7":"category-actualitat","8":"category-societat"},"_links":{"self":[{"href":"https:\/\/areabadalona.com\/diario\/wp-json\/wp\/v2\/posts\/5841","targetHints":{"allow":["GET"]}}],"collection":[{"href":"https:\/\/areabadalona.com\/diario\/wp-json\/wp\/v2\/posts"}],"about":[{"href":"https:\/\/areabadalona.com\/diario\/wp-json\/wp\/v2\/types\/post"}],"author":[{"embeddable":true,"href":"https:\/\/areabadalona.com\/diario\/wp-json\/wp\/v2\/users\/2"}],"replies":[{"embeddable":true,"href":"https:\/\/areabadalona.com\/diario\/wp-json\/wp\/v2\/comments?post=5841"}],"version-history":[{"count":1,"href":"https:\/\/areabadalona.com\/diario\/wp-json\/wp\/v2\/posts\/5841\/revisions"}],"predecessor-version":[{"id":5843,"href":"https:\/\/areabadalona.com\/diario\/wp-json\/wp\/v2\/posts\/5841\/revisions\/5843"}],"wp:featuredmedia":[{"embeddable":true,"href":"https:\/\/areabadalona.com\/diario\/wp-json\/wp\/v2\/media\/5842"}],"wp:attachment":[{"href":"https:\/\/areabadalona.com\/diario\/wp-json\/wp\/v2\/media?parent=5841"}],"wp:term":[{"taxonomy":"category","embeddable":true,"href":"https:\/\/areabadalona.com\/diario\/wp-json\/wp\/v2\/categories?post=5841"},{"taxonomy":"post_tag","embeddable":true,"href":"https:\/\/areabadalona.com\/diario\/wp-json\/wp\/v2\/tags?post=5841"}],"curies":[{"name":"wp","href":"https:\/\/api.w.org\/{rel}","templated":true}]}}