{"id":5838,"date":"2023-09-29T09:49:13","date_gmt":"2023-09-29T09:49:13","guid":{"rendered":"https:\/\/areabadalona.com\/diario\/?p=5838"},"modified":"2023-10-09T09:49:49","modified_gmt":"2023-10-09T09:49:49","slug":"badalona-incorpora-vint-i-tres-nous-agents-al-cos-de-la-guardia-urbana","status":"publish","type":"post","link":"https:\/\/areabadalona.com\/diario\/2023\/09\/29\/badalona-incorpora-vint-i-tres-nous-agents-al-cos-de-la-guardia-urbana\/","title":{"rendered":"Badalona incorpora vint-i-tres nous agents al cos de la Gu\u00e0rdia Urbana\u00a0"},"content":{"rendered":"\n<p>Aquesta tarda ha tingut lloc a l\u2019amfiteatre de la pla\u00e7a de Trafalgar del barri de Llefi\u00e0 la presentaci\u00f3 dels 23 nous agents que s\u2019incorporen al cos de la Gu\u00e0rdia Urbana en un acte obert a la ciutadania. Els nous efectius de la policia local, 17 homes i 6 dones, han rebut les credencials de mans de l\u2019alcalde de Badalona, Xavier Garcia Albiol, acompanyat del regidor de l\u2019\u00c0mbit &nbsp;de Seguretat Ciutadana, Juan Manuel Ruiz, del superintendent de la Gu\u00e0rdia Urbana, Conrado Fern\u00e1ndez, i de comandaments del cos dels Mossos d\u2019Esquadra i de la Policia Nacional.&nbsp;<\/p>\n\n\n\n<p>L\u2019alcalde de Badalona, Xavier Garcia Albiol, en el seu discurs de benvinguda als nous agents ha volgut destacar que: \u201caquest \u00e9s un acte que normalment &nbsp;es fa a la Comissaria, per\u00f2 l\u2019hem volgut fer aqu\u00ed, al barri de Llefi\u00e0, i davant dels ve\u00efns i ve\u00efnes, com a simbolisme d\u2019all\u00f2 que ha de representar la Gu\u00e0rdia Urbana que \u00e9s la proximitat amb els ve\u00efns i la seva pres\u00e8ncia al carrer\u201d, tamb\u00e9, ha afegit l\u2019alcalde \u201cperqu\u00e8 aquests nous agents comprovin que els ve\u00efns de Badalona els estima i els respecta\u201d.&nbsp;<\/p>\n\n\n\n<p>L\u2019alcalde ha reiterat el comprom\u00eds del Govern municipal en la millora dels recursos materials i l\u2019augment d\u2019efectius per a la Gu\u00e0rdia Urbana que actualment es situa en 240 agents. En aquest sentit, ha remarcat que l\u2019Ajuntament de Badalona ja ha convocat 46 noves places. Amb la incorporaci\u00f3 dels 23 nous agents i la nova convocat\u00f2ria, l\u2019alcalde ha assenyalat que &nbsp;\u201cen pocs mesos complirem el nostre objectiu d\u2019augmentar en 100 agents m\u00e9s la plantilla de la Gu\u00e0rdia Urbana\u201d. &nbsp;<\/p>\n\n\n\n<p>Els 23 nous agents de la policia local que han rebut avui les seves credencials comen\u00e7aran a prestar els seus serveis a partir de dilluns vinent.&nbsp;<\/p>\n","protected":false},"excerpt":{"rendered":"<p>Aquesta tarda ha tingut lloc a l\u2019amfiteatre de la pla\u00e7a de Trafalgar del barri de Llefi\u00e0 la presentaci\u00f3 dels 23 nous agents que s\u2019incorporen al cos de la Gu\u00e0rdia Urbana en un acte obert a la ciutadania. Els nous efectius de la policia local, 17 homes i 6 dones, han rebut les credencials de mans [&hellip;]<\/p>\n","protected":false},"author":2,"featured_media":5839,"comment_status":"open","ping_status":"open","sticky":false,"template":"","format":"standard","meta":{"footnotes":""},"categories":[23],"tags":[],"class_list":{"0":"post-5838","1":"post","2":"type-post","3":"status-publish","4":"format-standard","5":"has-post-thumbnail","7":"category-actualitat"},"_links":{"self":[{"href":"https:\/\/areabadalona.com\/diario\/wp-json\/wp\/v2\/posts\/5838","targetHints":{"allow":["GET"]}}],"collection":[{"href":"https:\/\/areabadalona.com\/diario\/wp-json\/wp\/v2\/posts"}],"about":[{"href":"https:\/\/areabadalona.com\/diario\/wp-json\/wp\/v2\/types\/post"}],"author":[{"embeddable":true,"href":"https:\/\/areabadalona.com\/diario\/wp-json\/wp\/v2\/users\/2"}],"replies":[{"embeddable":true,"href":"https:\/\/areabadalona.com\/diario\/wp-json\/wp\/v2\/comments?post=5838"}],"version-history":[{"count":1,"href":"https:\/\/areabadalona.com\/diario\/wp-json\/wp\/v2\/posts\/5838\/revisions"}],"predecessor-version":[{"id":5840,"href":"https:\/\/areabadalona.com\/diario\/wp-json\/wp\/v2\/posts\/5838\/revisions\/5840"}],"wp:featuredmedia":[{"embeddable":true,"href":"https:\/\/areabadalona.com\/diario\/wp-json\/wp\/v2\/media\/5839"}],"wp:attachment":[{"href":"https:\/\/areabadalona.com\/diario\/wp-json\/wp\/v2\/media?parent=5838"}],"wp:term":[{"taxonomy":"category","embeddable":true,"href":"https:\/\/areabadalona.com\/diario\/wp-json\/wp\/v2\/categories?post=5838"},{"taxonomy":"post_tag","embeddable":true,"href":"https:\/\/areabadalona.com\/diario\/wp-json\/wp\/v2\/tags?post=5838"}],"curies":[{"name":"wp","href":"https:\/\/api.w.org\/{rel}","templated":true}]}}