{"id":5835,"date":"2023-10-02T09:45:09","date_gmt":"2023-10-02T09:45:09","guid":{"rendered":"https:\/\/areabadalona.com\/diario\/?p=5835"},"modified":"2023-10-09T09:45:48","modified_gmt":"2023-10-09T09:45:48","slug":"badalona-allibera-als-agents-de-la-guardia-urbana-del-servei-de-vigilancia-estatica-dels-edificis-municipals","status":"publish","type":"post","link":"https:\/\/areabadalona.com\/diario\/2023\/10\/02\/badalona-allibera-als-agents-de-la-guardia-urbana-del-servei-de-vigilancia-estatica-dels-edificis-municipals\/","title":{"rendered":"Badalona allibera als agents de la Gu\u00e0rdia Urbana del servei de vigil\u00e0ncia est\u00e0tica dels edificis municipals\u00a0"},"content":{"rendered":"\n<p>L\u2019Ajuntament de Badalona ha contractat vigilants de seguretat privada que, des d\u2019avui, presten aquest servei a la Casa de la Vila i els edificis municipals de l\u2019antic Banc Central de Badalona i el Viver. D\u2019aquesta manera els sis efectius de la Gu\u00e0rdia Urbana que fins ara feien aquest servei vigil\u00e0ncia est\u00e0tica s\u2019incorporen a la realitzaci\u00f3 de les feines pr\u00f2pies de la policia local.&nbsp;<\/p>\n\n\n\n<p>D\u2019altra banda, el nou contracte inclou tamb\u00e9 la incorporaci\u00f3 de personal per controlar l\u2019acc\u00e9s a les oficines dels Serveis B\u00e0sics d&#8217;Atenci\u00f3 Social (SBAS) dels barris de la Salut, Llefi\u00e0 i Sant Roc, amb l\u2019objectiu de millorar les condicions de treball de les persones que fan atenci\u00f3 al p\u00fablic en aquestes oficines.&nbsp;<\/p>\n\n\n\n<p>L\u2019alcalde de Badalona, Xavier Garcia Albiol, ha destacat que \u201caquest \u00e9s un pas m\u00e9s d\u2019aquest Govern municipal en la pressa de mesures d\u2019urg\u00e8ncia que ens permeti tenir m\u00e9s policia al carrer i que puguin fer feines de seguretat p\u00fablica per a les quals estan plenament qualificats\u201d. \u201cAix\u00f2 no \u00e9s privatitzar la seguretat\u201d, ha reblat l\u2019alcalde, \u201c\u00e9s garantir m\u00e9s vigil\u00e0ncia i seguretat al carrer, que \u00e9s el que necessiten els ve\u00efns\u201d. L\u2019alcalde ha afegit que \u201ccontinuen treballant per dotar la Gu\u00e0rdia Urbana dels recursos humans que necessita una ciutat com Badalona, prova d\u2019aix\u00f2 \u00e9s que dem\u00e0 s\u2019incorporaran 23 nous agents i hem obert convocat\u00f2ria per a augmentar la plantilla en 46 efectius m\u00e9s\u201d.&nbsp;<\/p>\n","protected":false},"excerpt":{"rendered":"<p>L\u2019Ajuntament de Badalona ha contractat vigilants de seguretat privada que, des d\u2019avui, presten aquest servei a la Casa de la Vila i els edificis municipals de l\u2019antic Banc Central de Badalona i el Viver. D\u2019aquesta manera els sis efectius de la Gu\u00e0rdia Urbana que fins ara feien aquest servei vigil\u00e0ncia est\u00e0tica s\u2019incorporen a la realitzaci\u00f3 [&hellip;]<\/p>\n","protected":false},"author":2,"featured_media":5836,"comment_status":"open","ping_status":"open","sticky":false,"template":"","format":"standard","meta":{"footnotes":""},"categories":[23],"tags":[],"class_list":{"0":"post-5835","1":"post","2":"type-post","3":"status-publish","4":"format-standard","5":"has-post-thumbnail","7":"category-actualitat"},"_links":{"self":[{"href":"https:\/\/areabadalona.com\/diario\/wp-json\/wp\/v2\/posts\/5835","targetHints":{"allow":["GET"]}}],"collection":[{"href":"https:\/\/areabadalona.com\/diario\/wp-json\/wp\/v2\/posts"}],"about":[{"href":"https:\/\/areabadalona.com\/diario\/wp-json\/wp\/v2\/types\/post"}],"author":[{"embeddable":true,"href":"https:\/\/areabadalona.com\/diario\/wp-json\/wp\/v2\/users\/2"}],"replies":[{"embeddable":true,"href":"https:\/\/areabadalona.com\/diario\/wp-json\/wp\/v2\/comments?post=5835"}],"version-history":[{"count":1,"href":"https:\/\/areabadalona.com\/diario\/wp-json\/wp\/v2\/posts\/5835\/revisions"}],"predecessor-version":[{"id":5837,"href":"https:\/\/areabadalona.com\/diario\/wp-json\/wp\/v2\/posts\/5835\/revisions\/5837"}],"wp:featuredmedia":[{"embeddable":true,"href":"https:\/\/areabadalona.com\/diario\/wp-json\/wp\/v2\/media\/5836"}],"wp:attachment":[{"href":"https:\/\/areabadalona.com\/diario\/wp-json\/wp\/v2\/media?parent=5835"}],"wp:term":[{"taxonomy":"category","embeddable":true,"href":"https:\/\/areabadalona.com\/diario\/wp-json\/wp\/v2\/categories?post=5835"},{"taxonomy":"post_tag","embeddable":true,"href":"https:\/\/areabadalona.com\/diario\/wp-json\/wp\/v2\/tags?post=5835"}],"curies":[{"name":"wp","href":"https:\/\/api.w.org\/{rel}","templated":true}]}}