{"id":5832,"date":"2023-10-02T09:43:56","date_gmt":"2023-10-02T09:43:56","guid":{"rendered":"https:\/\/areabadalona.com\/diario\/?p=5832"},"modified":"2023-10-09T09:44:30","modified_gmt":"2023-10-09T09:44:30","slug":"badalona-inicia-les-obres-per-reaprofitar-tota-laigua-que-es-perd-de-la-fuita-de-la-canonada-del-barri-de-canyet","status":"publish","type":"post","link":"https:\/\/areabadalona.com\/diario\/2023\/10\/02\/badalona-inicia-les-obres-per-reaprofitar-tota-laigua-que-es-perd-de-la-fuita-de-la-canonada-del-barri-de-canyet\/","title":{"rendered":"Badalona inicia les obres per reaprofitar tota l\u2019aigua que es perd de la fuita de la canonada del barri de Canyet\u00a0"},"content":{"rendered":"\n<p>L\u2019Ajuntament de Badalona ha posat en marxa aquest dilluns les actuacions que permetran reaprofitar tota l\u2019aigua que es perd de la fuita de la canonada del barri de Canyet. Les obres consistiran en la instal\u00b7laci\u00f3 d\u2019una nova canonada de 70 metres, amb una part soterrada i una altra en la superf\u00edcie, que desviar\u00e0 l\u2019aigua per reconduir-la al sistema de canalitzaci\u00f3 d\u2019aigua fre\u00e0tica municipal i emmagatzemar-la en un dip\u00f2sit ubicat al barri de Montigal\u00e0. Des d\u2019all\u00e0 s\u2019extraur\u00e0 per fer-la servir per regar les zones verdes de part de la ciutat. &nbsp;<\/p>\n\n\n\n<p>L\u2019any 2008 es va detectar una important p\u00e8rdua d\u2019aigua al voltant de la Torre Codina al barri de Canyet i es va determinar que la fuita provenia de la canonada d\u2019Aig\u00fces Ter Llobregat que s\u2019encarrega de portar l\u2019aigua des de la potabilitzadora del Ter, a Cardedeu, fins a la de Trinitat. Durant m\u00e9s de 15 anys la situaci\u00f3 s\u2019ha mantingut amb un malbaratament aproximat d\u2019uns 180.000 litres al dia, per\u00f2 gr\u00e0cies a la feina dels serveis t\u00e8cnics de l\u2019Ajuntament, amb la col\u00b7laboraci\u00f3 d\u2019empreses especialitzades, s\u2019ha aconseguit detectar en la zona nord de la ciutat quin \u00e9s el punt exacte on l\u2019aigua de la fuita torna a brollar. Aquest fet permet controlar amb precisi\u00f3 la riera natural per on arriba l\u2019aigua i executar la soluci\u00f3 de la nova canonada.<\/p>\n\n\n\n<p>Les obres per reaprofitar l\u2019aigua, que s\u2019estan executant en una \u00e0rea que pertany a un privat, estaran enllestides durant aquest mes d\u2019octubre. Es preveu que la soluci\u00f3 faci que disminueixi almenys el 95% del flux d\u2019aigua que actualment baixa per la Riera de Canyet, ja que probablement encara&nbsp; correr\u00e0 aigua que es filtri d\u2019altres zones de la muntanya. No obstant aix\u00f2, si despr\u00e9s de l\u2019actuaci\u00f3 es detecten noves fuites, l\u2019Ajuntament treballar\u00e0 per fer noves accions que minimitzin el malbaratament. &nbsp;<\/p>\n\n\n\n<p>L\u2019alcalde de Badalona, Xavier Garcia Albiol, ha mostrat la seva satisfacci\u00f3 per \u201cresoldre un problema que arrosseguem des de fa molts anys i que \u00e9s una absoluta aberraci\u00f3 mediambiental, sobretot en un context de sequera com l\u2019actual en qu\u00e8 demanem a la ciutadania esfor\u00e7os i restriccions mentre veuen com problemes com aquest continuen sense solucionar\u201d. Garcia Albiol ha explicat que \u201cquan vam arribar al Govern va ser una prioritat per a nosaltres afrontar aquesta problem\u00e0tica, ja que tot i que la fuita no \u00e9s compet\u00e8ncia nostra, ten\u00edem clar que hav\u00edem de trobar una soluci\u00f3 que evit\u00e9s aquest malbaratament inacceptable\u201d. &nbsp;<\/p>\n","protected":false},"excerpt":{"rendered":"<p>L\u2019Ajuntament de Badalona ha posat en marxa aquest dilluns les actuacions que permetran reaprofitar tota l\u2019aigua que es perd de la fuita de la canonada del barri de Canyet. Les obres consistiran en la instal\u00b7laci\u00f3 d\u2019una nova canonada de 70 metres, amb una part soterrada i una altra en la superf\u00edcie, que desviar\u00e0 l\u2019aigua per [&hellip;]<\/p>\n","protected":false},"author":2,"featured_media":5833,"comment_status":"open","ping_status":"open","sticky":false,"template":"","format":"standard","meta":{"footnotes":""},"categories":[23],"tags":[],"class_list":{"0":"post-5832","1":"post","2":"type-post","3":"status-publish","4":"format-standard","5":"has-post-thumbnail","7":"category-actualitat"},"_links":{"self":[{"href":"https:\/\/areabadalona.com\/diario\/wp-json\/wp\/v2\/posts\/5832","targetHints":{"allow":["GET"]}}],"collection":[{"href":"https:\/\/areabadalona.com\/diario\/wp-json\/wp\/v2\/posts"}],"about":[{"href":"https:\/\/areabadalona.com\/diario\/wp-json\/wp\/v2\/types\/post"}],"author":[{"embeddable":true,"href":"https:\/\/areabadalona.com\/diario\/wp-json\/wp\/v2\/users\/2"}],"replies":[{"embeddable":true,"href":"https:\/\/areabadalona.com\/diario\/wp-json\/wp\/v2\/comments?post=5832"}],"version-history":[{"count":1,"href":"https:\/\/areabadalona.com\/diario\/wp-json\/wp\/v2\/posts\/5832\/revisions"}],"predecessor-version":[{"id":5834,"href":"https:\/\/areabadalona.com\/diario\/wp-json\/wp\/v2\/posts\/5832\/revisions\/5834"}],"wp:featuredmedia":[{"embeddable":true,"href":"https:\/\/areabadalona.com\/diario\/wp-json\/wp\/v2\/media\/5833"}],"wp:attachment":[{"href":"https:\/\/areabadalona.com\/diario\/wp-json\/wp\/v2\/media?parent=5832"}],"wp:term":[{"taxonomy":"category","embeddable":true,"href":"https:\/\/areabadalona.com\/diario\/wp-json\/wp\/v2\/categories?post=5832"},{"taxonomy":"post_tag","embeddable":true,"href":"https:\/\/areabadalona.com\/diario\/wp-json\/wp\/v2\/tags?post=5832"}],"curies":[{"name":"wp","href":"https:\/\/api.w.org\/{rel}","templated":true}]}}