{"id":5829,"date":"2023-10-03T09:31:47","date_gmt":"2023-10-03T09:31:47","guid":{"rendered":"https:\/\/areabadalona.com\/diario\/?p=5829"},"modified":"2023-10-09T09:43:49","modified_gmt":"2023-10-09T09:43:49","slug":"diumenge-es-celebra-al-passeig-maritim-la-cursa-100-km-cancer-challenge-una-cursa-100-solidaria","status":"publish","type":"post","link":"https:\/\/areabadalona.com\/diario\/2023\/10\/03\/diumenge-es-celebra-al-passeig-maritim-la-cursa-100-km-cancer-challenge-una-cursa-100-solidaria\/","title":{"rendered":"Diumenge es celebra al passeig Mar\u00edtim la cursa 100 km C\u00e0ncer Challenge, una cursa 100% solid\u00e0ria\u00a0"},"content":{"rendered":"\n<p>Aquest diumenge, 8 d&#8217;octubre, a partir de les 8 hores, Badalona acull la cursa 100 km C\u00e0ncer Challenge, una cursa 100% solid\u00e0ria en benefici de l&#8217;Associaci\u00f3 de Familiars i Amics de Nens Oncol\u00f2gics de Catalunya (AFANOC).&nbsp;<\/p>\n\n\n\n<p>La cursa es disputar\u00e0 al passeig Mar\u00edtim de Badalona a l&#8217;altura dels banys La Donzella de la Costa (direcci\u00f3 Montgat) i seguir\u00e0 pel passeig Mar\u00edtim fins a arribar a la barca Mar\u00eda. All\u00e0 es far\u00e0 la volta fins a arribar a l&#8217;hotel Marina Badalona per tornar novament en direcci\u00f3 al punt de sortida de la barca Mar\u00eda. El circuit t\u00e9 aproximadament uns 5 km, per tant, els participants que facin els 100 km faran un total de 20 voltes.&nbsp;<\/p>\n\n\n\n<p>La carrera t\u00e9 un car\u00e0cter inclusiu, ja que es permet la participaci\u00f3 de tota mena d&#8217;atletes, amateurs o professionals. La cursa es pot disputar en modalitat individual o per equips, sent aquesta \u00faltima de relleus en qu\u00e8 cada participant pot realitzar la dist\u00e0ncia que esculli. Les modalitats s\u00f3n 100 km individual, 110 km per equips; 50 km individual o dist\u00e0ncia lliure. Per tal de fomentar la implicaci\u00f3 a la causa del m\u00e0xim nombre de persones, l&#8217;organitzaci\u00f3 tamb\u00e9 permet completar els relleus caminant.&nbsp;<\/p>\n\n\n\n<p>La carrera solid\u00e0ria forma part del TransPerfect Mountain Challenge, un projecte totalment solidari en benefici de l&#8217;AFANOC, organitzaci\u00f3 sense \u00e0nim de lucre que dona suport als infants en tractament oncol\u00f2gic, aix\u00ed com a les seves fam\u00edlies, oferint allotjament i suport psicol\u00f2gic gratu\u00eft a les fam\u00edlies que han de despla\u00e7ar-se lluny dels seus domicilis i amb mancan\u00e7a de recursos.&nbsp;<\/p>\n\n\n\n<p>La presentaci\u00f3 de la cursa s&#8217;ha fet aquest migdia a la sala de premsa de l&#8217;edifici municipal El Viver ha comptat amb la participaci\u00f3 del primer tinent d&#8217;alcalde de Badalona, Juan Fern\u00e1ndez; del regidor d&#8217;Esports de l&#8217;Ajuntament, Juan Jos\u00e9 Portillo; de la directora del Centre Comercial Montigal\u00e0, Roberta Rebolini; de la directora de Comunicaci\u00f3 d&#8217;AFANOC, Maite Golmayo; del director d&#8217;organitzaci\u00f3, Aitor Medrano i del coordinador de la cursa, David Neira.&nbsp;<\/p>\n\n\n\n<p>El primer tinent d&#8217;alcalde de l&#8217;Ajuntament de Badalona, Juan Fern\u00e1ndez, ha assenyalat que: \u00abl&#8217;Ajuntament t\u00e9 la porta oberta per a proves esportives i solid\u00e0ries com aquesta\u00bb. \u00abEstem orgullosos d&#8217;acollir una nova edici\u00f3 d&#8217;aquesta cursa amb un rerefons tan important com l&#8217;ajut a les fam\u00edlies d&#8217;infants amb c\u00e0ncer, animo a tothom a participar, ja sigui com a esportista, animant als corredors o apropant-se al passeig Mar\u00edtim i adquirint el marxandatge solidari\u00bb, ha concl\u00f2s Juan Fern\u00e1ndez.&nbsp;<\/p>\n","protected":false},"excerpt":{"rendered":"<p>Aquest diumenge, 8 d&#8217;octubre, a partir de les 8 hores, Badalona acull la cursa 100 km C\u00e0ncer Challenge, una cursa 100% solid\u00e0ria en benefici de l&#8217;Associaci\u00f3 de Familiars i Amics de Nens Oncol\u00f2gics de Catalunya (AFANOC).&nbsp; La cursa es disputar\u00e0 al passeig Mar\u00edtim de Badalona a l&#8217;altura dels banys La Donzella de la Costa (direcci\u00f3 [&hellip;]<\/p>\n","protected":false},"author":2,"featured_media":5830,"comment_status":"open","ping_status":"open","sticky":false,"template":"","format":"standard","meta":{"footnotes":""},"categories":[23,26],"tags":[],"class_list":{"0":"post-5829","1":"post","2":"type-post","3":"status-publish","4":"format-standard","5":"has-post-thumbnail","7":"category-actualitat","8":"category-esports"},"_links":{"self":[{"href":"https:\/\/areabadalona.com\/diario\/wp-json\/wp\/v2\/posts\/5829","targetHints":{"allow":["GET"]}}],"collection":[{"href":"https:\/\/areabadalona.com\/diario\/wp-json\/wp\/v2\/posts"}],"about":[{"href":"https:\/\/areabadalona.com\/diario\/wp-json\/wp\/v2\/types\/post"}],"author":[{"embeddable":true,"href":"https:\/\/areabadalona.com\/diario\/wp-json\/wp\/v2\/users\/2"}],"replies":[{"embeddable":true,"href":"https:\/\/areabadalona.com\/diario\/wp-json\/wp\/v2\/comments?post=5829"}],"version-history":[{"count":1,"href":"https:\/\/areabadalona.com\/diario\/wp-json\/wp\/v2\/posts\/5829\/revisions"}],"predecessor-version":[{"id":5831,"href":"https:\/\/areabadalona.com\/diario\/wp-json\/wp\/v2\/posts\/5829\/revisions\/5831"}],"wp:featuredmedia":[{"embeddable":true,"href":"https:\/\/areabadalona.com\/diario\/wp-json\/wp\/v2\/media\/5830"}],"wp:attachment":[{"href":"https:\/\/areabadalona.com\/diario\/wp-json\/wp\/v2\/media?parent=5829"}],"wp:term":[{"taxonomy":"category","embeddable":true,"href":"https:\/\/areabadalona.com\/diario\/wp-json\/wp\/v2\/categories?post=5829"},{"taxonomy":"post_tag","embeddable":true,"href":"https:\/\/areabadalona.com\/diario\/wp-json\/wp\/v2\/tags?post=5829"}],"curies":[{"name":"wp","href":"https:\/\/api.w.org\/{rel}","templated":true}]}}