{"id":5826,"date":"2023-10-03T09:27:52","date_gmt":"2023-10-03T09:27:52","guid":{"rendered":"https:\/\/areabadalona.com\/diario\/?p=5826"},"modified":"2023-10-09T09:30:01","modified_gmt":"2023-10-09T09:30:01","slug":"primers-resultats-positius-del-projecte-prevencio-dels-trastorns-musculoesqueletics-mitjancant-lus-dexoesquelets-pel-personal-sanitari-de-bsa","status":"publish","type":"post","link":"https:\/\/areabadalona.com\/diario\/2023\/10\/03\/primers-resultats-positius-del-projecte-prevencio-dels-trastorns-musculoesqueletics-mitjancant-lus-dexoesquelets-pel-personal-sanitari-de-bsa\/","title":{"rendered":"Primers resultats positius del projecte \u201cPrevenci\u00f3 dels trastorns musculoesquel\u00e8tics mitjan\u00e7ant l\u2019\u00fas d\u2019exoesquelets pel personal sanitari de BSA\u201d\u00a0"},"content":{"rendered":"\n<p>Finalitza l\u2019estudi biomec\u00e0nic del projecte de BSA \u201cPrevenci\u00f3 dels trastorns musculoesquel\u00e8tics mitjan\u00e7ant l\u2019\u00fas d\u2019exoesquelets pel personal sanitari\u201d que t\u00e9 com a objectiu principal reduir el risc de patir trastorns musculoesquel\u00e8tics associats a l\u2019activitat de mobilitzaci\u00f3 de pacients. En concret, es tracta d\u2019analitzar la viabilitat del dispositiu <a href=\"https:\/\/healthysuits.com\/index.html\" target=\"_blank\" rel=\"noreferrer noopener\">Muscle Suit Every de Healthy Suits<\/a>, analitzant-ne la fatiga muscular, associada a les sobrec\u00e0rregues i postures for\u00e7ades en la mobilitzaci\u00f3 de pacients, en concret adre\u00e7at a zeladors i auxiliars d\u2019infermeria.&nbsp;<\/p>\n\n\n\n<p>L\u2019an\u00e0lisi de les dades de l\u2019estudi biomec\u00e0nic liderat pel <em><a href=\"https:\/\/www.ibv.org\/\" target=\"_blank\" rel=\"noreferrer noopener\">Instituto de Biomec\u00e1nica (IBV)<\/a><\/em> al Centre Sociosanitari El Carme de BSA conclouen que<strong> l&#8217;exoesquelet redueix l&#8217;activaci\u00f3 muscular i que aquest efecte \u00e9s m\u00e9s notable durant els moments de major esfor\u00e7 muscular<\/strong>, sense produir-se transfer\u00e8ncia d&#8217;activaci\u00f3 sin\u00f3 alliberament d&#8217;exc\u00e9s d&#8217;activaci\u00f3 muscular. Pel que fa a la percepci\u00f3, el <strong>83% dels participants afirmen que l&#8217;exoesquelet els hi ajuda en la tasca de mobilitzaci\u00f3 de pacients estudiada<\/strong>.&nbsp;<\/p>\n\n\n\n<p>En la darrera fase del projecte, es realitzar\u00e0 un estudi subjectiu per recollir l\u2019opini\u00f3 sobre el confort del seu \u00fas, facilitat de maneig, cansament i for\u00e7a en la realitzaci\u00f3 del treball f\u00edsic i percepci\u00f3 de millora o canvis de l&#8217;estat de salut. &nbsp;<\/p>\n\n\n\n<p>Aquests resultats han estat presentats al \u201cIV Congreso Internacional Prevencionar 2023 &#8211; Salud, Seguridad y Bienestar\u201d celebrat a Madrid els dies 27, 28 i 29 de setembre, on s\u2019ha exposat que l\u2019objectiu final \u00e9s millorar l\u2019estat de salut dels professionals sanitaris, proporcionant un envelliment saludable en un entorn laboral i segur. El <a href=\"https:\/\/bit.ly\/3Q0ztmr\">p\u00f2ster cient\u00edfic<\/a> presentat \u00e9s una mostra de l\u2019estat actual del projecte.&nbsp;<\/p>\n\n\n\n<p><strong>Reconeixements<\/strong>&nbsp;<\/p>\n\n\n\n<p>El projecte \u201cPrevenci\u00f3 dels trastorns musculoesqueletics mitjan\u00e7ant l\u2019\u00fas d\u2019exoesquelets pel personal sanitari\u201d liderat per la Unitat de Prevenci\u00f3 i Riscos Laborals de BSA ha estat reconegut amb el primer premi Impulsa de l&#8217;\u00c0rea d&#8217;Innovaci\u00f3 i Partenariat del Consorci de Salut i Social de Catalunya (CSC), en col\u00b7laboraci\u00f3 amb Roche Farma. Tamb\u00e9 ha estat becat amb el programa de Beques I+D en PRL de Fundaci\u00f3 Prevent. Es tracta d\u2019una iniciativa pionera en el sector i una aposta clara per la salut del personal sanitari.\u00a0<\/p>\n\n\n\n<p><\/p>\n\n\n\n<figure class=\"wp-block-embed is-type-video is-provider-youtube wp-block-embed-youtube wp-embed-aspect-16-9 wp-has-aspect-ratio\"><div class=\"wp-block-embed__wrapper\">\n<div class=\"youtube-embed\" data-video_id=\"vAab9_1Rf8M\"><iframe loading=\"lazy\" title=\"L&#039;exoesquelet a l&#039;activitat sanit\u00e0ria - 1r premi CSC Impulsa 2022\" width=\"696\" height=\"392\" src=\"https:\/\/www.youtube.com\/embed\/vAab9_1Rf8M?feature=oembed&#038;enablejsapi=1\" frameborder=\"0\" allow=\"accelerometer; autoplay; clipboard-write; encrypted-media; gyroscope; picture-in-picture; web-share\" allowfullscreen><\/iframe><\/div>\n<\/div><\/figure>\n\n\n\n<figure class=\"wp-block-embed is-type-video is-provider-youtube wp-block-embed-youtube wp-embed-aspect-16-9 wp-has-aspect-ratio\"><div class=\"wp-block-embed__wrapper\">\n<div class=\"youtube-embed\" data-video_id=\"aqedb0V-ubA\"><iframe loading=\"lazy\" title=\"Estudi biomec\u00e0nic comparatiu - Exoquesquelet (fase 1)\" width=\"696\" height=\"392\" src=\"https:\/\/www.youtube.com\/embed\/aqedb0V-ubA?feature=oembed&#038;enablejsapi=1\" frameborder=\"0\" allow=\"accelerometer; autoplay; clipboard-write; encrypted-media; gyroscope; picture-in-picture; web-share\" allowfullscreen><\/iframe><\/div>\n<\/div><\/figure>\n","protected":false},"excerpt":{"rendered":"<p>Finalitza l\u2019estudi biomec\u00e0nic del projecte de BSA \u201cPrevenci\u00f3 dels trastorns musculoesquel\u00e8tics mitjan\u00e7ant l\u2019\u00fas d\u2019exoesquelets pel personal sanitari\u201d que t\u00e9 com a objectiu principal reduir el risc de patir trastorns musculoesquel\u00e8tics associats a l\u2019activitat de mobilitzaci\u00f3 de pacients. En concret, es tracta d\u2019analitzar la viabilitat del dispositiu Muscle Suit Every de Healthy Suits, analitzant-ne la fatiga [&hellip;]<\/p>\n","protected":false},"author":2,"featured_media":5827,"comment_status":"open","ping_status":"open","sticky":false,"template":"","format":"standard","meta":{"footnotes":""},"categories":[23,24],"tags":[],"class_list":{"0":"post-5826","1":"post","2":"type-post","3":"status-publish","4":"format-standard","5":"has-post-thumbnail","7":"category-actualitat","8":"category-societat"},"_links":{"self":[{"href":"https:\/\/areabadalona.com\/diario\/wp-json\/wp\/v2\/posts\/5826","targetHints":{"allow":["GET"]}}],"collection":[{"href":"https:\/\/areabadalona.com\/diario\/wp-json\/wp\/v2\/posts"}],"about":[{"href":"https:\/\/areabadalona.com\/diario\/wp-json\/wp\/v2\/types\/post"}],"author":[{"embeddable":true,"href":"https:\/\/areabadalona.com\/diario\/wp-json\/wp\/v2\/users\/2"}],"replies":[{"embeddable":true,"href":"https:\/\/areabadalona.com\/diario\/wp-json\/wp\/v2\/comments?post=5826"}],"version-history":[{"count":1,"href":"https:\/\/areabadalona.com\/diario\/wp-json\/wp\/v2\/posts\/5826\/revisions"}],"predecessor-version":[{"id":5828,"href":"https:\/\/areabadalona.com\/diario\/wp-json\/wp\/v2\/posts\/5826\/revisions\/5828"}],"wp:featuredmedia":[{"embeddable":true,"href":"https:\/\/areabadalona.com\/diario\/wp-json\/wp\/v2\/media\/5827"}],"wp:attachment":[{"href":"https:\/\/areabadalona.com\/diario\/wp-json\/wp\/v2\/media?parent=5826"}],"wp:term":[{"taxonomy":"category","embeddable":true,"href":"https:\/\/areabadalona.com\/diario\/wp-json\/wp\/v2\/categories?post=5826"},{"taxonomy":"post_tag","embeddable":true,"href":"https:\/\/areabadalona.com\/diario\/wp-json\/wp\/v2\/tags?post=5826"}],"curies":[{"name":"wp","href":"https:\/\/api.w.org\/{rel}","templated":true}]}}