{"id":5823,"date":"2023-10-03T09:26:06","date_gmt":"2023-10-03T09:26:06","guid":{"rendered":"https:\/\/areabadalona.com\/diario\/?p=5823"},"modified":"2023-10-09T09:27:05","modified_gmt":"2023-10-09T09:27:05","slug":"limsp-obre-una-borsa-de-treball-de-la-categoria-de-cuidador-a-de-centres","status":"publish","type":"post","link":"https:\/\/areabadalona.com\/diario\/2023\/10\/03\/limsp-obre-una-borsa-de-treball-de-la-categoria-de-cuidador-a-de-centres\/","title":{"rendered":"L\u2019IMSP obre una borsa de treball de la categoria de Cuidador\/a de centres\u00a0"},"content":{"rendered":"\n<p>L\u2019Institut Municipal de Serveis Personals de Badalona (IMSP) ha obert una borsa de treball de la categoria de cuidador\/a de centres per tal de cobrir necessitats de contractaci\u00f3 de car\u00e0cter temporal. S\u2019ofereix jornada completa i incorporaci\u00f3 immediata. L\u2019\u00e0mbit de treball pot ser qualsevol dels seg\u00fcents centres de l\u2019IMSP: Resid\u00e8ncia i Centre de Dia Can Bosch, Resid\u00e8ncia Discapacitats F\u00edsics, Servei d\u2019Habitatge Josep Padr\u00f3s i Llar Resid\u00e8ncia Salut Mental Sant Roc.&nbsp;<\/p>\n\n\n\n<p>Les persones seleccionades hauran de fer les seg\u00fcents funcions:&nbsp;<\/p>\n\n\n\n<p>&#8211; Donar suport a les persones completant o suplint aquelles funcions de la vida quotidiana que han perdut, aix\u00ed com totes les relatives al seu benestar mitjan\u00e7ant l\u2019atenci\u00f3 directa i la cooperaci\u00f3 amb els altres professionals del centre&nbsp;<\/p>\n\n\n\n<p>&#8211; Assistir a la persona en les activitats b\u00e0siques i instrumentals de la vida di\u00e0ria.&nbsp;<\/p>\n\n\n\n<p>&#8211; Assistir a la persona participant en la prevenci\u00f3, manteniment i millora de la seva salut.&nbsp;<\/p>\n\n\n\n<p>&#8211; Condicionar i mantenir l\u2019entorn del resident perqu\u00e8 aquest pugui desenvolupar una vida confortable.&nbsp;<\/p>\n\n\n\n<p>&#8211; Tenir cura del manteniment dels equipaments i dels materials del lloc de treball donant la resposta m\u00e9s correcta amb els recursos disponibles.&nbsp;<\/p>\n\n\n\n<p>&#8211; I, en general, aquelles altres funcions de caracter\u00edstiques similars que li siguin assignades.&nbsp;<\/p>\n\n\n\n<p>Per poder formar part de la borsa es requereix:&nbsp;<\/p>\n\n\n\n<p>&#8211; <strong>Titulaci\u00f3:<\/strong>&nbsp;<\/p>\n\n\n\n<p>CFGM Atenci\u00f3 a persones en situaci\u00f3 de depend\u00e8ncia&nbsp;<\/p>\n\n\n\n<p>CFGM Cures auxiliars d&#8217;infermeria&nbsp;<\/p>\n\n\n\n<p>CFGM T\u00e8cnic\/a en atenci\u00f3 sociosanit\u00e0ria&nbsp;<\/p>\n\n\n\n<p>CFGM T\u00e8cnic\/a Auxiliar de cl\u00ednica&nbsp;<\/p>\n\n\n\n<p>CFGM T\u00e8cnic\/a Auxiliar de Psiquiatria o equivalent&nbsp;<\/p>\n\n\n\n<p>&#8211; <strong>Experi\u00e8ncia professional<\/strong> en l\u2019\u00e0mbit de centres residencials.&nbsp;<\/p>\n\n\n\n<p>&#8211;<strong> Nivell de coneixement de llengua catalana:<\/strong> Nivell intermedi de catal\u00e0 (B2) o equivalent.&nbsp;<\/p>\n\n\n\n<p>&#8211; &nbsp;A m\u00e9s ser\u00e0 necessari <strong>presentar Curr\u00edculum i Informe de la Vida Laboral<\/strong>, que acreditin tant la formaci\u00f3 com l\u2019experi\u00e8ncia en l\u2019exercici professional.&nbsp;<\/p>\n\n\n\n<p>M\u00e9s informaci\u00f3 i inscripcions: &nbsp;<\/p>\n\n\n\n<p>&#8211; <a href=\"https:\/\/www.imspbdn.cat\/treballa-amb-nosaltres\/convocatories\/borsa-activa\/\">https:\/\/www.imspbdn.cat\/treballa-amb-nosaltres\/convocatories\/borsa-activa\/<\/a>&nbsp;<\/p>\n","protected":false},"excerpt":{"rendered":"<p>L\u2019Institut Municipal de Serveis Personals de Badalona (IMSP) ha obert una borsa de treball de la categoria de cuidador\/a de centres per tal de cobrir necessitats de contractaci\u00f3 de car\u00e0cter temporal. S\u2019ofereix jornada completa i incorporaci\u00f3 immediata. L\u2019\u00e0mbit de treball pot ser qualsevol dels seg\u00fcents centres de l\u2019IMSP: Resid\u00e8ncia i Centre de Dia Can Bosch, [&hellip;]<\/p>\n","protected":false},"author":2,"featured_media":5824,"comment_status":"open","ping_status":"open","sticky":false,"template":"","format":"standard","meta":{"footnotes":""},"categories":[23,24],"tags":[],"class_list":{"0":"post-5823","1":"post","2":"type-post","3":"status-publish","4":"format-standard","5":"has-post-thumbnail","7":"category-actualitat","8":"category-societat"},"_links":{"self":[{"href":"https:\/\/areabadalona.com\/diario\/wp-json\/wp\/v2\/posts\/5823","targetHints":{"allow":["GET"]}}],"collection":[{"href":"https:\/\/areabadalona.com\/diario\/wp-json\/wp\/v2\/posts"}],"about":[{"href":"https:\/\/areabadalona.com\/diario\/wp-json\/wp\/v2\/types\/post"}],"author":[{"embeddable":true,"href":"https:\/\/areabadalona.com\/diario\/wp-json\/wp\/v2\/users\/2"}],"replies":[{"embeddable":true,"href":"https:\/\/areabadalona.com\/diario\/wp-json\/wp\/v2\/comments?post=5823"}],"version-history":[{"count":1,"href":"https:\/\/areabadalona.com\/diario\/wp-json\/wp\/v2\/posts\/5823\/revisions"}],"predecessor-version":[{"id":5825,"href":"https:\/\/areabadalona.com\/diario\/wp-json\/wp\/v2\/posts\/5823\/revisions\/5825"}],"wp:featuredmedia":[{"embeddable":true,"href":"https:\/\/areabadalona.com\/diario\/wp-json\/wp\/v2\/media\/5824"}],"wp:attachment":[{"href":"https:\/\/areabadalona.com\/diario\/wp-json\/wp\/v2\/media?parent=5823"}],"wp:term":[{"taxonomy":"category","embeddable":true,"href":"https:\/\/areabadalona.com\/diario\/wp-json\/wp\/v2\/categories?post=5823"},{"taxonomy":"post_tag","embeddable":true,"href":"https:\/\/areabadalona.com\/diario\/wp-json\/wp\/v2\/tags?post=5823"}],"curies":[{"name":"wp","href":"https:\/\/api.w.org\/{rel}","templated":true}]}}