{"id":5820,"date":"2023-10-09T09:25:10","date_gmt":"2023-10-09T09:25:10","guid":{"rendered":"https:\/\/areabadalona.com\/diario\/?p=5820"},"modified":"2023-10-09T09:25:11","modified_gmt":"2023-10-09T09:25:11","slug":"salut-mental-salut-mundial-un-dret-universal-i-un-treball-transversal-titol-de-lacte-central-commemoratiu-de-bsa","status":"publish","type":"post","link":"https:\/\/areabadalona.com\/diario\/2023\/10\/09\/salut-mental-salut-mundial-un-dret-universal-i-un-treball-transversal-titol-de-lacte-central-commemoratiu-de-bsa\/","title":{"rendered":"\u201cSalut Mental, Salut Mundial, Un dret universal i un treball transversal\u201d, t\u00edtol de l\u2019acte central commemoratiu de BSA"},"content":{"rendered":"\n<p>El proper dimarts, 10 d\u2019octubre, tindr\u00e0 lloc la taula rodona \u201cSalut Mental, Salut Mundial, Un dret universal i un treball transversal\u201d com a acte central de BSA amb motiu del Dia Mundial de la Salut Mental. La jornada tindr\u00e0 lloc, de 10 a 11.30 hores, a la Sala d\u2019Actes de l\u2019Hospital Municipal de Badalona (HMB) de BSA i comptar\u00e0 amb la pres\u00e8ncia d\u2019autoritats locals i sanit\u00e0ries.<\/p>\n\n\n\n<p>La confer\u00e8ncia de&nbsp;Magda&nbsp;Casamitjana,&nbsp;directora del Pacte Nacional de Salut Mental, sobre els reptes de la salut mental a Catalunya obrir\u00e0 l&#8217;acte que inclour\u00e0 diferents&nbsp;iniciatives que mostren com el treball transversal entre organitzacions, institucions i resta d\u2019agents \u00e9s cabdal per a assolir un enfocament hol\u00edstic i situar realment la persona al centre de l\u2019atenci\u00f3.<\/p>\n\n\n\n<p>L\u2019Organitzaci\u00f3 Mundial de la Salut (OMS) defensa que la pr\u00f2pia salut es configura per m\u00faltiples determinants, alguns d\u2019ells aliens al sistema sanitari i amb un alt component social. En aquesta l\u00ednia, BSA, especialment els serveis de Salut Mental i Addiccions, fan front el repte de treballar des d\u2019una perspectiva diferent i especialment de manera integrada. Aquesta transversalitat i diversitat de components &#8211; sanitaris, socials, educatius, en primera persona, esportius o d\u2019aplicaci\u00f3 de la tecnologia- s\u00f3n el nexe en com\u00fa de les experi\u00e8ncies que es presentaran durant la jornada que ha organitzat BSA per la seva experi\u00e8ncia i tarann\u00e0 integral, amb el suport de l\u2019Ajuntament de Badalona.<\/p>\n","protected":false},"excerpt":{"rendered":"<p>El proper dimarts, 10 d\u2019octubre, tindr\u00e0 lloc la taula rodona \u201cSalut Mental, Salut Mundial, Un dret universal i un treball transversal\u201d com a acte central de BSA amb motiu del Dia Mundial de la Salut Mental. La jornada tindr\u00e0 lloc, de 10 a 11.30 hores, a la Sala d\u2019Actes de l\u2019Hospital Municipal de Badalona (HMB) [&hellip;]<\/p>\n","protected":false},"author":2,"featured_media":5821,"comment_status":"open","ping_status":"open","sticky":false,"template":"","format":"standard","meta":{"footnotes":""},"categories":[23,24],"tags":[],"class_list":{"0":"post-5820","1":"post","2":"type-post","3":"status-publish","4":"format-standard","5":"has-post-thumbnail","7":"category-actualitat","8":"category-societat"},"_links":{"self":[{"href":"https:\/\/areabadalona.com\/diario\/wp-json\/wp\/v2\/posts\/5820","targetHints":{"allow":["GET"]}}],"collection":[{"href":"https:\/\/areabadalona.com\/diario\/wp-json\/wp\/v2\/posts"}],"about":[{"href":"https:\/\/areabadalona.com\/diario\/wp-json\/wp\/v2\/types\/post"}],"author":[{"embeddable":true,"href":"https:\/\/areabadalona.com\/diario\/wp-json\/wp\/v2\/users\/2"}],"replies":[{"embeddable":true,"href":"https:\/\/areabadalona.com\/diario\/wp-json\/wp\/v2\/comments?post=5820"}],"version-history":[{"count":1,"href":"https:\/\/areabadalona.com\/diario\/wp-json\/wp\/v2\/posts\/5820\/revisions"}],"predecessor-version":[{"id":5822,"href":"https:\/\/areabadalona.com\/diario\/wp-json\/wp\/v2\/posts\/5820\/revisions\/5822"}],"wp:featuredmedia":[{"embeddable":true,"href":"https:\/\/areabadalona.com\/diario\/wp-json\/wp\/v2\/media\/5821"}],"wp:attachment":[{"href":"https:\/\/areabadalona.com\/diario\/wp-json\/wp\/v2\/media?parent=5820"}],"wp:term":[{"taxonomy":"category","embeddable":true,"href":"https:\/\/areabadalona.com\/diario\/wp-json\/wp\/v2\/categories?post=5820"},{"taxonomy":"post_tag","embeddable":true,"href":"https:\/\/areabadalona.com\/diario\/wp-json\/wp\/v2\/tags?post=5820"}],"curies":[{"name":"wp","href":"https:\/\/api.w.org\/{rel}","templated":true}]}}