{"id":5817,"date":"2023-10-04T09:21:57","date_gmt":"2023-10-04T09:21:57","guid":{"rendered":"https:\/\/areabadalona.com\/diario\/?p=5817"},"modified":"2023-10-09T09:23:22","modified_gmt":"2023-10-09T09:23:22","slug":"badalona-inicia-els-tramits-per-comencar-les-obres-de-reparacio-del-pont-del-petroli-durant-lestiu-de-2024","status":"publish","type":"post","link":"https:\/\/areabadalona.com\/diario\/2023\/10\/04\/badalona-inicia-els-tramits-per-comencar-les-obres-de-reparacio-del-pont-del-petroli-durant-lestiu-de-2024\/","title":{"rendered":"Badalona inicia els tr\u00e0mits per comen\u00e7ar les obres de reparaci\u00f3 del pont del Petroli durant l\u2019estiu de 2024\u00a0"},"content":{"rendered":"\n<p>L\u2019Ajuntament de Badalona ha iniciat els tr\u00e0mits per comen\u00e7ar durant l\u2019estiu de 2024 les obres de la reparaci\u00f3 del pont del Petroli de Badalona, l\u2019emblem\u00e0tic pantal\u00e0 que va quedar danyat el mes de gener de 2020 a causa del temporal Gl\u00f2ria. Aquest fet l\u2019ha avan\u00e7at avui l\u2019alcalde de Badalona, Xavier Garcia Albiol, en una atenci\u00f3 p\u00fablica en qu\u00e8 estat acompanyat del tinent d\u2019alcaldia de l\u2019\u00c0mbit de Territori i Sostenibilitat, Daniel Gracia, i la regidora de l\u2019\u00c0rea de Medi Ambient, Sonia Egea. &nbsp;<\/p>\n\n\n\n<p>L\u2019alcalde ha indicat que la voluntat del Govern municipal era que el pont recobr\u00e9s la forma i l\u2019aspecte que tenia abans de trencar-se, per\u00f2 finalment s\u2019apostar\u00e0 pel disseny circular \u201cperqu\u00e8 els informes de l\u2019empresa d\u2019enginyeria encarregada del projecte indiquen que \u00e9s l\u2019\u00fanica opci\u00f3 segura i modificar el plantejament per aconseguir un disseny que conserv\u00e9s l\u2019anterior estructura podria endarrerir les obres tres anys\u201d. &nbsp;<\/p>\n\n\n\n<p>Garcia Albiol s\u2019ha mostrat contrariat per la decisi\u00f3 de l\u2019anterior govern de la ciutat de plantejar un debat sobre el disseny del pont i ha remarcat que \u201ces va fer una consulta telem\u00e0tica a correcuita, amb una mostra inferior al 3% de la poblaci\u00f3 de Badalona, en la que es va donar l\u2019opci\u00f3 de triar un model que no era tan segur i que podia posar en risc la preservaci\u00f3 d\u2019un s\u00edmbol de la ciutat\u201d.&nbsp;<\/p>\n\n\n\n<p>En aquest sentit, l\u2019alcalde ha assegurat que \u201csi parles amb la majoria dels ve\u00efns i ve\u00efnes de la ciutat, la seva prefer\u00e8ncia \u00e9s respectar l\u2019esperit del pont i recuperar la seva forma original, per\u00f2 davant la situaci\u00f3 que ens hem trobat \u00e9s evident que hem de prioritzar la seguretat i la reparaci\u00f3 m\u00e9s r\u00e0pida possible del pont\u201d. &nbsp;<\/p>\n\n\n\n<p>Davant els informes t\u00e8cnics, el Govern municipal ha comen\u00e7at a enllestir tota la tramitaci\u00f3 per comen\u00e7ar les obres durant el mes de maig de 2024 i poder acabar-les a principis de la tardor del mateix any. L\u2019inici de l\u2019actuaci\u00f3 durant l\u2019\u00e8poca de bon temps \u00e9s imprescindible, ja que es tracta d\u2019unes obres totalment condicionades per la meteorologia i l\u2019estat de la mar i s\u2019han d\u2019executar durant els mesos de l\u2019any on \u00e9s m\u00e9s improbable que hi hagi temporals. &nbsp;<\/p>\n\n\n\n<p>\u201cL\u2019anterior govern havia donat a con\u00e8ixer un calendari d\u2019obres i de reobertura del pont absolutament inexistent, perqu\u00e8 tota la tramitaci\u00f3 imprescindible per dur a terme l\u2019actuaci\u00f3 no s\u2019ha fet, aix\u00ed que quan vam arribar al Govern vam comen\u00e7ar a treballar amb l\u2019empresa d\u2019enginyeria per accelerar el projecte i poder gaudir de nou del pont com m\u00e9s aviat millor\u201d, ha asseverat l\u2019alcalde Garcia Albiol.&nbsp;<\/p>\n","protected":false},"excerpt":{"rendered":"<p>L\u2019Ajuntament de Badalona ha iniciat els tr\u00e0mits per comen\u00e7ar durant l\u2019estiu de 2024 les obres de la reparaci\u00f3 del pont del Petroli de Badalona, l\u2019emblem\u00e0tic pantal\u00e0 que va quedar danyat el mes de gener de 2020 a causa del temporal Gl\u00f2ria. Aquest fet l\u2019ha avan\u00e7at avui l\u2019alcalde de Badalona, Xavier Garcia Albiol, en una atenci\u00f3 [&hellip;]<\/p>\n","protected":false},"author":2,"featured_media":5818,"comment_status":"open","ping_status":"open","sticky":false,"template":"","format":"standard","meta":{"footnotes":""},"categories":[23],"tags":[],"class_list":{"0":"post-5817","1":"post","2":"type-post","3":"status-publish","4":"format-standard","5":"has-post-thumbnail","7":"category-actualitat"},"_links":{"self":[{"href":"https:\/\/areabadalona.com\/diario\/wp-json\/wp\/v2\/posts\/5817","targetHints":{"allow":["GET"]}}],"collection":[{"href":"https:\/\/areabadalona.com\/diario\/wp-json\/wp\/v2\/posts"}],"about":[{"href":"https:\/\/areabadalona.com\/diario\/wp-json\/wp\/v2\/types\/post"}],"author":[{"embeddable":true,"href":"https:\/\/areabadalona.com\/diario\/wp-json\/wp\/v2\/users\/2"}],"replies":[{"embeddable":true,"href":"https:\/\/areabadalona.com\/diario\/wp-json\/wp\/v2\/comments?post=5817"}],"version-history":[{"count":1,"href":"https:\/\/areabadalona.com\/diario\/wp-json\/wp\/v2\/posts\/5817\/revisions"}],"predecessor-version":[{"id":5819,"href":"https:\/\/areabadalona.com\/diario\/wp-json\/wp\/v2\/posts\/5817\/revisions\/5819"}],"wp:featuredmedia":[{"embeddable":true,"href":"https:\/\/areabadalona.com\/diario\/wp-json\/wp\/v2\/media\/5818"}],"wp:attachment":[{"href":"https:\/\/areabadalona.com\/diario\/wp-json\/wp\/v2\/media?parent=5817"}],"wp:term":[{"taxonomy":"category","embeddable":true,"href":"https:\/\/areabadalona.com\/diario\/wp-json\/wp\/v2\/categories?post=5817"},{"taxonomy":"post_tag","embeddable":true,"href":"https:\/\/areabadalona.com\/diario\/wp-json\/wp\/v2\/tags?post=5817"}],"curies":[{"name":"wp","href":"https:\/\/api.w.org\/{rel}","templated":true}]}}