{"id":5814,"date":"2023-10-05T09:12:56","date_gmt":"2023-10-05T09:12:56","guid":{"rendered":"https:\/\/areabadalona.com\/diario\/?p=5814"},"modified":"2023-10-09T09:13:07","modified_gmt":"2023-10-09T09:13:07","slug":"una-avaria-provocada-deixa-sense-il%c2%b7luminacio-les-pistes-datletisme-paco-aguila-de-badalona","status":"publish","type":"post","link":"https:\/\/areabadalona.com\/diario\/2023\/10\/05\/una-avaria-provocada-deixa-sense-il%c2%b7luminacio-les-pistes-datletisme-paco-aguila-de-badalona\/","title":{"rendered":"Una avaria provocada deixa sense il\u00b7luminaci\u00f3 les pistes d\u2019atletisme \u201cPaco \u00c1guila\u201d de Badalona\u00a0"},"content":{"rendered":"\n<p>Els serveis de manteniment de l&#8217;Ajuntament de Badalona estan treballant per resoldre la incid\u00e8ncia que ha provocat que es quedin sense subministrament el\u00e8ctric les pistes d&#8217;atletisme \u00abPaco \u00c1guila\u00bb amb l&#8217;objectiu de poder restablir-lo al m\u00e9s aviat possible.&nbsp;<\/p>\n\n\n\n<p>Ahir a la nit es va detectar una avaria que afectava la il\u00b7luminaci\u00f3 de les pistes d&#8217;atletisme. La incid\u00e8ncia podria haver estat provocada intencionadament, at\u00e8s que els t\u00e8cnics han trobat arrencat el marc i la tapa de dues de les quatre arquetes de registre, les quals contenen les connexions entre la l\u00ednia el\u00e8ctrica i les columnes amb la il\u00b7luminaci\u00f3. Tamb\u00e9 s&#8217;han trobat talls a diversos cables de connexi\u00f3.&nbsp;<\/p>\n\n\n\n<p>Es dona la circumst\u00e0ncia que durant aquesta mateixa setmana, el passat dimarts 3 d&#8217;octubre, els serveis municipals tamb\u00e9 van haver de resoldre una altra incid\u00e8ncia que tamb\u00e9 va deixar a les fosques les pistes d&#8217;atletisme.&nbsp;<\/p>\n\n\n\n<p>El primer tinent d\u2019alcaldia, Juan Fern\u00e1ndez, ha assenyalat que: \u201cestem dedicant tots els nostres esfor\u00e7os perqu\u00e8 les pistes d\u2019atletisme tornin a tenir il\u00b7luminaci\u00f3 i els atletes pugin desenvolupar amb normalitat les seves activitats i entrenaments, estem treballant per solucionar els estralls fets per un v\u00e0ndals en una acci\u00f3 sense sentit\u201d.&nbsp;<\/p>\n","protected":false},"excerpt":{"rendered":"<p>Els serveis de manteniment de l&#8217;Ajuntament de Badalona estan treballant per resoldre la incid\u00e8ncia que ha provocat que es quedin sense subministrament el\u00e8ctric les pistes d&#8217;atletisme \u00abPaco \u00c1guila\u00bb amb l&#8217;objectiu de poder restablir-lo al m\u00e9s aviat possible.&nbsp; Ahir a la nit es va detectar una avaria que afectava la il\u00b7luminaci\u00f3 de les pistes d&#8217;atletisme. La [&hellip;]<\/p>\n","protected":false},"author":2,"featured_media":5815,"comment_status":"open","ping_status":"open","sticky":false,"template":"","format":"standard","meta":{"footnotes":""},"categories":[23,26],"tags":[],"class_list":{"0":"post-5814","1":"post","2":"type-post","3":"status-publish","4":"format-standard","5":"has-post-thumbnail","7":"category-actualitat","8":"category-esports"},"_links":{"self":[{"href":"https:\/\/areabadalona.com\/diario\/wp-json\/wp\/v2\/posts\/5814","targetHints":{"allow":["GET"]}}],"collection":[{"href":"https:\/\/areabadalona.com\/diario\/wp-json\/wp\/v2\/posts"}],"about":[{"href":"https:\/\/areabadalona.com\/diario\/wp-json\/wp\/v2\/types\/post"}],"author":[{"embeddable":true,"href":"https:\/\/areabadalona.com\/diario\/wp-json\/wp\/v2\/users\/2"}],"replies":[{"embeddable":true,"href":"https:\/\/areabadalona.com\/diario\/wp-json\/wp\/v2\/comments?post=5814"}],"version-history":[{"count":1,"href":"https:\/\/areabadalona.com\/diario\/wp-json\/wp\/v2\/posts\/5814\/revisions"}],"predecessor-version":[{"id":5816,"href":"https:\/\/areabadalona.com\/diario\/wp-json\/wp\/v2\/posts\/5814\/revisions\/5816"}],"wp:featuredmedia":[{"embeddable":true,"href":"https:\/\/areabadalona.com\/diario\/wp-json\/wp\/v2\/media\/5815"}],"wp:attachment":[{"href":"https:\/\/areabadalona.com\/diario\/wp-json\/wp\/v2\/media?parent=5814"}],"wp:term":[{"taxonomy":"category","embeddable":true,"href":"https:\/\/areabadalona.com\/diario\/wp-json\/wp\/v2\/categories?post=5814"},{"taxonomy":"post_tag","embeddable":true,"href":"https:\/\/areabadalona.com\/diario\/wp-json\/wp\/v2\/tags?post=5814"}],"curies":[{"name":"wp","href":"https:\/\/api.w.org\/{rel}","templated":true}]}}