{"id":5811,"date":"2023-10-06T09:10:58","date_gmt":"2023-10-06T09:10:58","guid":{"rendered":"https:\/\/areabadalona.com\/diario\/?p=5811"},"modified":"2023-10-09T09:11:52","modified_gmt":"2023-10-09T09:11:52","slug":"amb-la-ma-al-cor-lema-del-nou-podcast-de-bsa-conduit-pels-referents-de-benestar-emocional-i-comunitari-i-estrena-del-nou-perfil-de-bsa-a-spotify","status":"publish","type":"post","link":"https:\/\/areabadalona.com\/diario\/2023\/10\/06\/amb-la-ma-al-cor-lema-del-nou-podcast-de-bsa-conduit-pels-referents-de-benestar-emocional-i-comunitari-i-estrena-del-nou-perfil-de-bsa-a-spotify\/","title":{"rendered":"\u201cAmb la m\u00e0 al cor\u201d, lema del nou podcast de BSA, condu\u00eft pels Referents de Benestar Emocional i Comunitari i estrena del nou perfil de BSA a Spotify"},"content":{"rendered":"\n<p><strong>Els Referents de Benestar Emocional i Comunitari (RBEC) -una de les darreres figures professionals incorporada a l\u2019Atenci\u00f3 Prim\u00e0ria a Catalunya- de Badalona Serveis Assistencials (BSA) s\u00f3n els dinamitzadors del nou podcast \u00abAmb la m\u00e0 al cor\u00bb . Aquest programa, s\u2019hi suma als anteriors que l\u2019organitzaci\u00f3 publica al canal Ivoox amb l\u2019objectiu de prevenir i promocionar la salut m\u00e9s enll\u00e0 de les parets dels consultoris. L\u2019envelliment actiu i saludable, la salut pedi\u00e0trica o el aspectes que preocupen als adolescents s\u00f3n altres dels continguts de la xarxa, que tamb\u00e9 es poden trobar actualment a Spotify.<\/strong><\/p>\n\n\n\n<p>La nova l\u00ednia de continguts \u201cAmb la m\u00e0 al cor\u201d \u00e9s una iniciativa que persegueix abordar temes que generen malestar emocional en la poblaci\u00f3 amb la finalitat \u00faltima de fomentar la prevenci\u00f3 en temes de salut mental donant eines a les persones per aprendre a gestionar les diferents situacions. Darrera dels podcasts hi figura l\u2019equip de RBEC de BSA, actualment 5 professionals&nbsp; que donen servei a l\u2019organitzaci\u00f3 per promoure el benestar emocional a la comunitat, aix\u00ed com per la prevenci\u00f3 i detecci\u00f3 de situacions de risc o de signes d&#8217;alerta de patiment mental.<\/p>\n\n\n\n<p>En concret, la idea va sortir en un dels grups psicoeducatius sobre ansietat, quan una usu\u00e0ria entrevistada va manifestar la seva satisfacci\u00f3 afirmant que si tingu\u00e9s gravada la sessi\u00f3 i consells se la posaria a totes hores. \u00abLes xarxes socials i l\u2019autoestima\u00bb, \u00abl\u2019amor\u00bb i \u201cl\u2019ansietat i els atacs de p\u00e0nic\u201d s\u00f3n tres dels temes amb els que obre el programa que anir\u00e0 renovant els continguts auditius de forma freq\u00fcent.<\/p>\n\n\n\n<p><strong>BSAlut, el pla de mitjans socials de BSA<\/strong><\/p>\n\n\n\n<p>La creaci\u00f3 de Spotify amb podcasts que tamb\u00e9 poden escoltar-se a <a href=\"https:\/\/www.ivoox.com\/perfil-bsabadalona_aj_13542207_1.html\">Ivoox<\/a>, s\u00f3n una mostra del creixement de BSAlut, el pla de mitjans socials de BSA, format tamb\u00e9 per <a href=\"https:\/\/twitter.com\/BSABadalona\">Twitter<\/a>, <a href=\"https:\/\/www.linkedin.com\/company\/badalona-serveis-assistencials\/\">LinkedIN<\/a>, <a href=\"https:\/\/www.flickr.com\/photos\/bsa_badalona\/\">Flickr<\/a>, <a href=\"https:\/\/www.youtube.com\/user\/BSABadalona?sub_confirmation=1\">Youtube<\/a>, <a href=\"https:\/\/www.slideshare.net\/BSABadalona\">SlideShare<\/a>, i <a href=\"https:\/\/www.bsa.cat\/ca\/bsa-appediatria\">BSAAPPediatria<\/a> amb l\u2019objectiu de traslladar els missatges de prevenci\u00f3 i promoci\u00f3 de la salut que m\u00e9s afecten a l\u2019estat f\u00edsic, ps\u00edquic i emocional de la ciutadania.<\/p>\n","protected":false},"excerpt":{"rendered":"<p>Els Referents de Benestar Emocional i Comunitari (RBEC) -una de les darreres figures professionals incorporada a l\u2019Atenci\u00f3 Prim\u00e0ria a Catalunya- de Badalona Serveis Assistencials (BSA) s\u00f3n els dinamitzadors del nou podcast \u00abAmb la m\u00e0 al cor\u00bb . Aquest programa, s\u2019hi suma als anteriors que l\u2019organitzaci\u00f3 publica al canal Ivoox amb l\u2019objectiu de prevenir i promocionar [&hellip;]<\/p>\n","protected":false},"author":2,"featured_media":5812,"comment_status":"open","ping_status":"open","sticky":false,"template":"","format":"standard","meta":{"footnotes":""},"categories":[23,24],"tags":[],"class_list":{"0":"post-5811","1":"post","2":"type-post","3":"status-publish","4":"format-standard","5":"has-post-thumbnail","7":"category-actualitat","8":"category-societat"},"_links":{"self":[{"href":"https:\/\/areabadalona.com\/diario\/wp-json\/wp\/v2\/posts\/5811","targetHints":{"allow":["GET"]}}],"collection":[{"href":"https:\/\/areabadalona.com\/diario\/wp-json\/wp\/v2\/posts"}],"about":[{"href":"https:\/\/areabadalona.com\/diario\/wp-json\/wp\/v2\/types\/post"}],"author":[{"embeddable":true,"href":"https:\/\/areabadalona.com\/diario\/wp-json\/wp\/v2\/users\/2"}],"replies":[{"embeddable":true,"href":"https:\/\/areabadalona.com\/diario\/wp-json\/wp\/v2\/comments?post=5811"}],"version-history":[{"count":1,"href":"https:\/\/areabadalona.com\/diario\/wp-json\/wp\/v2\/posts\/5811\/revisions"}],"predecessor-version":[{"id":5813,"href":"https:\/\/areabadalona.com\/diario\/wp-json\/wp\/v2\/posts\/5811\/revisions\/5813"}],"wp:featuredmedia":[{"embeddable":true,"href":"https:\/\/areabadalona.com\/diario\/wp-json\/wp\/v2\/media\/5812"}],"wp:attachment":[{"href":"https:\/\/areabadalona.com\/diario\/wp-json\/wp\/v2\/media?parent=5811"}],"wp:term":[{"taxonomy":"category","embeddable":true,"href":"https:\/\/areabadalona.com\/diario\/wp-json\/wp\/v2\/categories?post=5811"},{"taxonomy":"post_tag","embeddable":true,"href":"https:\/\/areabadalona.com\/diario\/wp-json\/wp\/v2\/tags?post=5811"}],"curies":[{"name":"wp","href":"https:\/\/api.w.org\/{rel}","templated":true}]}}