{"id":5808,"date":"2023-10-05T09:09:17","date_gmt":"2023-10-05T09:09:17","guid":{"rendered":"https:\/\/areabadalona.com\/diario\/?p=5808"},"modified":"2023-10-09T09:10:01","modified_gmt":"2023-10-09T09:10:01","slug":"lajuntament-de-badalona-prohibeix-les-activitats-recreatives-musicals-a-la-nau-del-carrer-dels-corders-del-barri-de-canyado","status":"publish","type":"post","link":"https:\/\/areabadalona.com\/diario\/2023\/10\/05\/lajuntament-de-badalona-prohibeix-les-activitats-recreatives-musicals-a-la-nau-del-carrer-dels-corders-del-barri-de-canyado\/","title":{"rendered":"L\u2019Ajuntament de Badalona prohibeix les activitats recreatives musicals a la nau del carrer dels Corders del barri de Canyad\u00f3 \u00a0"},"content":{"rendered":"\n<p>T\u00e8cnics de l\u2019Ajuntament de Badalona, acompanyats d\u2019agents de la Gu\u00e0rdia Urbana de Badalona, han procedit aquest migdia a precintar i comunicar que no es poden dur a terme activitats recreatives musicals en la nau del carrer del dels Corders 17-21, del barri de Canyad\u00f3. &nbsp;<\/p>\n\n\n\n<p>Aquesta antiga nau, que havia estat dedicada a la mec\u00e0nica industrial, est\u00e0 des de fa temps ocupada i els ve\u00efns del barri s\u2019han queixat sovint de les festes (raves) que hi tenen lloc, amb m\u00fasica durant hores i amb un volum molt alt. Aquesta situaci\u00f3 ha derivat de vegades en conflictes de seguretat i conviv\u00e8ncia en aquesta zona.&nbsp;<\/p>\n\n\n\n<p>L\u2019alcalde de Badalona, Xavier Garcia Albiol, ha assenyalat que: \u201cels ve\u00efns de Canyad\u00f3 tenen dret a poder dormir i descansar, sense haver de suportar les mol\u00e8sties que ocasionen les festes que durant hores porten a terme desenes de persones, moltes d\u2019elles vingudes de fora de Badalona i amb la m\u00fasica a tot volum\u201d. \u201cAmb el precinte i la prohibici\u00f3 d\u2019aquesta activitat tenim la cobertura legal per impedir o tallar de soca-rel qualsevol rave il\u00b7legal que tingui lloc en aquesta nau\u201d, ha concl\u00f2s l\u2019alcalde.&nbsp;<\/p>\n","protected":false},"excerpt":{"rendered":"<p>T\u00e8cnics de l\u2019Ajuntament de Badalona, acompanyats d\u2019agents de la Gu\u00e0rdia Urbana de Badalona, han procedit aquest migdia a precintar i comunicar que no es poden dur a terme activitats recreatives musicals en la nau del carrer del dels Corders 17-21, del barri de Canyad\u00f3. &nbsp; Aquesta antiga nau, que havia estat dedicada a la mec\u00e0nica [&hellip;]<\/p>\n","protected":false},"author":2,"featured_media":5809,"comment_status":"open","ping_status":"open","sticky":false,"template":"","format":"standard","meta":{"footnotes":""},"categories":[23],"tags":[],"class_list":{"0":"post-5808","1":"post","2":"type-post","3":"status-publish","4":"format-standard","5":"has-post-thumbnail","7":"category-actualitat"},"_links":{"self":[{"href":"https:\/\/areabadalona.com\/diario\/wp-json\/wp\/v2\/posts\/5808","targetHints":{"allow":["GET"]}}],"collection":[{"href":"https:\/\/areabadalona.com\/diario\/wp-json\/wp\/v2\/posts"}],"about":[{"href":"https:\/\/areabadalona.com\/diario\/wp-json\/wp\/v2\/types\/post"}],"author":[{"embeddable":true,"href":"https:\/\/areabadalona.com\/diario\/wp-json\/wp\/v2\/users\/2"}],"replies":[{"embeddable":true,"href":"https:\/\/areabadalona.com\/diario\/wp-json\/wp\/v2\/comments?post=5808"}],"version-history":[{"count":1,"href":"https:\/\/areabadalona.com\/diario\/wp-json\/wp\/v2\/posts\/5808\/revisions"}],"predecessor-version":[{"id":5810,"href":"https:\/\/areabadalona.com\/diario\/wp-json\/wp\/v2\/posts\/5808\/revisions\/5810"}],"wp:featuredmedia":[{"embeddable":true,"href":"https:\/\/areabadalona.com\/diario\/wp-json\/wp\/v2\/media\/5809"}],"wp:attachment":[{"href":"https:\/\/areabadalona.com\/diario\/wp-json\/wp\/v2\/media?parent=5808"}],"wp:term":[{"taxonomy":"category","embeddable":true,"href":"https:\/\/areabadalona.com\/diario\/wp-json\/wp\/v2\/categories?post=5808"},{"taxonomy":"post_tag","embeddable":true,"href":"https:\/\/areabadalona.com\/diario\/wp-json\/wp\/v2\/tags?post=5808"}],"curies":[{"name":"wp","href":"https:\/\/api.w.org\/{rel}","templated":true}]}}